{"id":7539,"date":"2026-04-28T17:16:18","date_gmt":"2026-04-28T20:16:18","guid":{"rendered":"https:\/\/portal.ifpe.edu.br\/garanhuns\/?p=7539"},"modified":"2026-04-28T17:16:18","modified_gmt":"2026-04-28T20:16:18","slug":"acao-conjunta-do-ifpe-garanhuns-e-rede-de-biodiversidade-e-clima-comeca-a-dar-resultados","status":"publish","type":"post","link":"https:\/\/portal.ifpe.edu.br\/garanhuns\/noticias\/acao-conjunta-do-ifpe-garanhuns-e-rede-de-biodiversidade-e-clima-comeca-a-dar-resultados\/","title":{"rendered":"A\u00e7\u00e3o conjunta do IFPE Garanhuns e Rede de Biodiversidade e Clima come\u00e7a a dar resultados"},"content":{"rendered":"\n<p>A parceria entre o IFPE Garanhuns e a Rede de Biodiversidade e Clima (RBBC) j&aacute; est&aacute; colhendo frutos! Atrav&eacute;s deste acordo de forma&ccedil;&atilde;o t&eacute;cnica (que foi formalizado em dezembro de 2025), o projeto &ldquo;Hortas Solares&rdquo; foi implementado, unindo produ&ccedil;&atilde;o agroecol&oacute;gica e gera&ccedil;&atilde;o de energia limpa. A iniciativa recebeu um financiamento de cerca de R$ 35 mil e est&aacute; contribuindo para o fortalecimento da resili&ecirc;ncia clim&aacute;tica e da autonomia alimentar e energ&eacute;tica no munic&iacute;pio de Garanhuns.<\/p>\n<p>Dentro da a&ccedil;&atilde;o, foram constru&iacute;dos seis canteiros de alvenaria para o cultivo de hortali&ccedil;as em sistema de cons&oacute;rcio agroecol&oacute;gico. Enquanto a RBBC financiou integralmente a implanta&ccedil;&atilde;o e constru&ccedil;&atilde;o desse espa&ccedil;o, o IFPE contribuiu com a disponibiliza&ccedil;&atilde;o do terreno, o fornecimento de &aacute;gua e a realiza&ccedil;&atilde;o de uma oficina formativa sobre hortas agroecol&oacute;gicas em pequenos espa&ccedil;os, dividida em dois m&oacute;dulos.&nbsp;Os m&oacute;dulos formativos ocorreram nos dias 19\/03 e 27\/03, abordando temas como implanta&ccedil;&atilde;o, manejo e manuten&ccedil;&atilde;o de hortas, al&eacute;m do aproveitamento de res&iacute;duos org&acirc;nicos para produ&ccedil;&atilde;o de compostagem.<\/p>\n<p>O projeto &eacute; coordenado pela professora Mayara Dalla Lana, com colabora&ccedil;&atilde;o dos professores Pedro Campello e Claytom Albuquerque, todos ligados ao curso t&eacute;cnico em Meio Ambiente.<\/p>\n<p>Como diferencial tecnol&oacute;gico, foi instalado o sistema &ldquo;CERES Irriga&ccedil;&atilde;o Inteligente&rdquo;, desenvolvido por estudantes de engenharia el&eacute;trica do campus atrav&eacute;s de uma startup criada no IFPE Garanhuns.. Este m&oacute;dulo de irriga&ccedil;&atilde;o inteligente monitora a umidade do solo em tempo real e ajusta automaticamente a irriga&ccedil;&atilde;o, garantindo a quantidade ideal de &aacute;gua para as plantas.Isso significa maior efici&ecirc;ncia, economia de recursos e uma colheita mais saud&aacute;vel e produtiva.<br>\n<strong><a href=\"https:\/\/www.instagram.com\/sistema_ceres?igsh=NXR4ZHhrMGgyMDh4\" target=\"_blank\" rel=\"noopener\">&raquo; Saiba mais sobre o sistema CERES<\/a><\/strong><\/p>\n<p>&ldquo;Recentemente&nbsp;foi realizada a primeira colheita das hortali&ccedil;as, proporcionando um momento significativo de integra&ccedil;&atilde;o.&nbsp;Os estudantes participaram ativamente da colheita e da distribui&ccedil;&atilde;o dos alimentos para a comunidade acad&ecirc;mica,&nbsp;composta por&nbsp;docentes, t&eacute;cnicos administrativos, colaboradores terceirizados e estudantes&rdquo;,&nbsp;relata Mayara, ressaltando a grande relev&acirc;ncia da a&ccedil;&atilde;o, que traz&nbsp;pr&aacute;ticas de ensino, pesquisa e extens&atilde;o articuladas com sustentabilidade, inova&ccedil;&atilde;o tecnol&oacute;gica e impacto social.<\/p>\n<p>&ldquo;A implanta&ccedil;&atilde;o do projeto Hortas Solares no IFPE Garanhuns foi uma experi&ecirc;ncia desafiadora e muito gratificante, pois evidenciou que a agroecologia n&atilde;o &eacute; apenas uma ci&ecirc;ncia, mas tamb&eacute;m uma pr&aacute;tica e um movimento social constru&iacute;do no cotidiano, fundamentais para o enfrentamento das mudan&ccedil;as clim&aacute;ticas e da fome. Somos muito gratos &agrave; Rede Brasileira de Biodiversidade e Clima, na pessoa de Larissa Silvestre, por nos confiar esse desafio e apoiar a constru&ccedil;&atilde;o de uma proposta inovadora de horta para nosso Centro de Tecnologias Sociais. A horta foi concebida como um espa&ccedil;o produtivo, pedag&oacute;gico e de transforma&ccedil;&atilde;o social&rdquo;, acrescenta Mayara.&nbsp; Em suas redes sociais (@bioclimabrasil) a&nbsp;Rede de Biodiversidade e Clima&nbsp;escreveu que &ldquo;ter&nbsp;o projeto Horta Solares no IFPE Garanhuns foi uma constru&ccedil;&atilde;o coletiva que nos enche de alegria&rdquo;.<\/p>\n<p><a href=\"https:\/\/www.instagram.com\/p\/DXHnH8tjbIn\/?igsh=NDZycDdwb2cyZms3\" target=\"_blank\" rel=\"noopener\"><strong>&raquo; Visite o perfil da Rede de Biodiversidade e Clima<\/strong><\/a><\/p>\n<p><strong><a href=\"https:\/\/www.instagram.com\/p\/DW7Tw0fiUnN\/?igsh=MTE1MWp5MjJscTJzMw%3D%3D\" target=\"_blank\" rel=\"noopener\">&raquo; Veja mais sobre as oficinas te&oacute;ricas e pr&aacute;ticas<\/a><\/strong><\/p>\n<p><strong><a href=\"https:\/\/www.instagram.com\/p\/DXe6Q-2CZY_\/?igsh=MTV2NW53b3Q3NDBlOA==\" target=\"_blank\" rel=\"noopener\">&raquo; Acesse registros do in&iacute;cio da colheita<\/a> <\/strong><\/p>\n<p><img decoding=\"async\" loading=\"lazy\" class=\"lazyload alignleft size-medium wp-image-7542\" alt=\"\" width=\"300\" height=\"200\" srcset=\"\" sizes=\"(max-width: 300px) 100vw, 300px\" data-sizes=\"auto\" data-src=\"https:\/\/portal.ifpe.edu.br\/garanhuns\/wp-content\/uploads\/sites\/16\/2026\/04\/DSC2068-2-300x200.jpg\" data-srcset=\"https:\/\/portal.ifpe.edu.br\/garanhuns\/wp-content\/uploads\/sites\/16\/2026\/04\/DSC2068-2-300x200.jpg 300w, https:\/\/portal.ifpe.edu.br\/garanhuns\/wp-content\/uploads\/sites\/16\/2026\/04\/DSC2068-2-1024x683.jpg 1024w, https:\/\/portal.ifpe.edu.br\/garanhuns\/wp-content\/uploads\/sites\/16\/2026\/04\/DSC2068-2-1536x1024.jpg 1536w, https:\/\/portal.ifpe.edu.br\/garanhuns\/wp-content\/uploads\/sites\/16\/2026\/04\/DSC2068-2-2048x1365.jpg 2048w, https:\/\/portal.ifpe.edu.br\/garanhuns\/wp-content\/uploads\/sites\/16\/2026\/04\/DSC2068-2-675x450.jpg 675w\"> <img decoding=\"async\" loading=\"lazy\" class=\"lazyload alignleft size-medium wp-image-7543\" alt=\"\" width=\"225\" height=\"300\" srcset=\"\" sizes=\"(max-width: 225px) 100vw, 225px\" data-sizes=\"auto\" data-src=\"https:\/\/portal.ifpe.edu.br\/garanhuns\/wp-content\/uploads\/sites\/16\/2026\/04\/29362-225x300.jpg\" data-srcset=\"https:\/\/portal.ifpe.edu.br\/garanhuns\/wp-content\/uploads\/sites\/16\/2026\/04\/29362-225x300.jpg 225w, https:\/\/portal.ifpe.edu.br\/garanhuns\/wp-content\/uploads\/sites\/16\/2026\/04\/29362-768x1024.jpg 768w, https:\/\/portal.ifpe.edu.br\/garanhuns\/wp-content\/uploads\/sites\/16\/2026\/04\/29362-1152x1536.jpg 1152w, https:\/\/portal.ifpe.edu.br\/garanhuns\/wp-content\/uploads\/sites\/16\/2026\/04\/29362-338x450.jpg 338w, https:\/\/portal.ifpe.edu.br\/garanhuns\/wp-content\/uploads\/sites\/16\/2026\/04\/29362.jpg 1200w\"> <img decoding=\"async\" loading=\"lazy\" class=\"lazyload alignleft size-medium wp-image-7544\" alt=\"\" width=\"225\" height=\"300\" srcset=\"\" sizes=\"(max-width: 225px) 100vw, 225px\" data-sizes=\"auto\" data-src=\"https:\/\/portal.ifpe.edu.br\/garanhuns\/wp-content\/uploads\/sites\/16\/2026\/04\/34862-225x300.jpg\" data-srcset=\"https:\/\/portal.ifpe.edu.br\/garanhuns\/wp-content\/uploads\/sites\/16\/2026\/04\/34862-225x300.jpg 225w, https:\/\/portal.ifpe.edu.br\/garanhuns\/wp-content\/uploads\/sites\/16\/2026\/04\/34862-768x1024.jpg 768w, https:\/\/portal.ifpe.edu.br\/garanhuns\/wp-content\/uploads\/sites\/16\/2026\/04\/34862-1152x1536.jpg 1152w, https:\/\/portal.ifpe.edu.br\/garanhuns\/wp-content\/uploads\/sites\/16\/2026\/04\/34862-338x450.jpg 338w, https:\/\/portal.ifpe.edu.br\/garanhuns\/wp-content\/uploads\/sites\/16\/2026\/04\/34862.jpg 1200w\"> <img decoding=\"async\" loading=\"lazy\" class=\"lazyload alignleft size-medium wp-image-7545\" alt=\"\" width=\"225\" height=\"300\" srcset=\"\" sizes=\"(max-width: 225px) 100vw, 225px\" data-sizes=\"auto\" data-src=\"https:\/\/portal.ifpe.edu.br\/garanhuns\/wp-content\/uploads\/sites\/16\/2026\/04\/34891-225x300.jpg\" data-srcset=\"https:\/\/portal.ifpe.edu.br\/garanhuns\/wp-content\/uploads\/sites\/16\/2026\/04\/34891-225x300.jpg 225w, https:\/\/portal.ifpe.edu.br\/garanhuns\/wp-content\/uploads\/sites\/16\/2026\/04\/34891-768x1024.jpg 768w, https:\/\/portal.ifpe.edu.br\/garanhuns\/wp-content\/uploads\/sites\/16\/2026\/04\/34891-1152x1536.jpg 1152w, https:\/\/portal.ifpe.edu.br\/garanhuns\/wp-content\/uploads\/sites\/16\/2026\/04\/34891-338x450.jpg 338w, https:\/\/portal.ifpe.edu.br\/garanhuns\/wp-content\/uploads\/sites\/16\/2026\/04\/34891.jpg 1200w\"> <img decoding=\"async\" loading=\"lazy\" class=\"lazyload alignleft size-medium wp-image-7546\" alt=\"\" width=\"300\" height=\"225\" srcset=\"\" sizes=\"(max-width: 300px) 100vw, 300px\" data-sizes=\"auto\" data-src=\"https:\/\/portal.ifpe.edu.br\/garanhuns\/wp-content\/uploads\/sites\/16\/2026\/04\/6563-300x225.jpg\" data-srcset=\"https:\/\/portal.ifpe.edu.br\/garanhuns\/wp-content\/uploads\/sites\/16\/2026\/04\/6563-300x225.jpg 300w, https:\/\/portal.ifpe.edu.br\/garanhuns\/wp-content\/uploads\/sites\/16\/2026\/04\/6563-1024x768.jpg 1024w, https:\/\/portal.ifpe.edu.br\/garanhuns\/wp-content\/uploads\/sites\/16\/2026\/04\/6563-1536x1152.jpg 1536w, https:\/\/portal.ifpe.edu.br\/garanhuns\/wp-content\/uploads\/sites\/16\/2026\/04\/6563-2048x1536.jpg 2048w, https:\/\/portal.ifpe.edu.br\/garanhuns\/wp-content\/uploads\/sites\/16\/2026\/04\/6563-600x450.jpg 600w\"> <img decoding=\"async\" loading=\"lazy\" class=\"lazyload alignleft size-medium wp-image-7547\" alt=\"\" width=\"300\" height=\"169\" srcset=\"\" sizes=\"(max-width: 300px) 100vw, 300px\" data-sizes=\"auto\" data-src=\"https:\/\/portal.ifpe.edu.br\/garanhuns\/wp-content\/uploads\/sites\/16\/2026\/04\/WhatsApp-Image-2026-03-31-at-14.19.49-300x169.jpeg\" data-srcset=\"https:\/\/portal.ifpe.edu.br\/garanhuns\/wp-content\/uploads\/sites\/16\/2026\/04\/WhatsApp-Image-2026-03-31-at-14.19.49-300x169.jpeg 300w, https:\/\/portal.ifpe.edu.br\/garanhuns\/wp-content\/uploads\/sites\/16\/2026\/04\/WhatsApp-Image-2026-03-31-at-14.19.49-1024x576.jpeg 1024w, https:\/\/portal.ifpe.edu.br\/garanhuns\/wp-content\/uploads\/sites\/16\/2026\/04\/WhatsApp-Image-2026-03-31-at-14.19.49-1536x864.jpeg 1536w, https:\/\/portal.ifpe.edu.br\/garanhuns\/wp-content\/uploads\/sites\/16\/2026\/04\/WhatsApp-Image-2026-03-31-at-14.19.49-750x422.jpeg 750w, https:\/\/portal.ifpe.edu.br\/garanhuns\/wp-content\/uploads\/sites\/16\/2026\/04\/WhatsApp-Image-2026-03-31-at-14.19.49.jpeg 1599w\"> <img decoding=\"async\" loading=\"lazy\" class=\"lazyload alignleft size-medium wp-image-7548\" alt=\"\" width=\"225\" height=\"300\" srcset=\"\" sizes=\"(max-width: 225px) 100vw, 225px\" data-sizes=\"auto\" data-src=\"https:\/\/portal.ifpe.edu.br\/garanhuns\/wp-content\/uploads\/sites\/16\/2026\/04\/35230-225x300.jpg\" data-srcset=\"https:\/\/portal.ifpe.edu.br\/garanhuns\/wp-content\/uploads\/sites\/16\/2026\/04\/35230-225x300.jpg 225w, https:\/\/portal.ifpe.edu.br\/garanhuns\/wp-content\/uploads\/sites\/16\/2026\/04\/35230-768x1024.jpg 768w, https:\/\/portal.ifpe.edu.br\/garanhuns\/wp-content\/uploads\/sites\/16\/2026\/04\/35230-1152x1536.jpg 1152w, https:\/\/portal.ifpe.edu.br\/garanhuns\/wp-content\/uploads\/sites\/16\/2026\/04\/35230-1536x2048.jpg 1536w, https:\/\/portal.ifpe.edu.br\/garanhuns\/wp-content\/uploads\/sites\/16\/2026\/04\/35230-338x450.jpg 338w, https:\/\/portal.ifpe.edu.br\/garanhuns\/wp-content\/uploads\/sites\/16\/2026\/04\/35230-scaled.jpg 1920w\"><\/p>\n<p>&nbsp;<\/p>\n<p>&nbsp;<\/p>\n<p>&nbsp;<\/p>\n<p>&nbsp;<\/p>\n<p>&nbsp;<\/p>\n<p>&nbsp;<\/p>\n<p>&nbsp;<\/p>\n<p>&nbsp;<\/p>\n\n\n    <ul class=\"crunchify-social\">\n        <li class=\"crunchify-social__item crunchify-social__item--first\"><span class=\"sr-only\">Compartilhar conte&uacute;do:<\/span><\/li>\n        <li class=\"crunchify-social__item\">\n            <a class=\"btn crunchify-social__link crunchify-social__link_facebook\" href=\"https:\/\/www.facebook.com\/sharer\/sharer.php?u=https%3A%2F%2Fportal.ifpe.edu.br%2Fgaranhuns%2Fnoticias%2Facao-conjunta-do-ifpe-garanhuns-e-rede-de-biodiversidade-e-clima-comeca-a-dar-resultados%2F\" target=\"_blank\" data-toggle=\"tooltip\" data-placement=\"bottom\" title=\"Compartilhe no Facebook\">\n                <svg aria-hidden=\"true\" role=\"img\" width=\"16\" height=\"16\" viewBox=\"0 0 24 24\" xmlns=\"http:\/\/www.w3.org\/2000\/svg\"><path d=\"M22.676 0H1.324C.593 0 0 .593 0 1.324v21.352C0 23.408.593 24 1.324 24h11.494v-9.294H9.689v-3.621h3.129V8.41c0-3.099 1.894-4.785 4.659-4.785 1.325 0 2.464.097 2.796.141v3.24h-1.921c-1.5 0-1.792.721-1.792 1.771v2.311h3.584l-.465 3.63H16.56V24h6.115c.733 0 1.325-.592 1.325-1.324V1.324C24 .593 23.408 0 22.676 0\"\/><\/svg>\n                <span class=\"sr-only\">Facebook<\/span>\n            <\/a>\n        <\/li>\n        <li class=\"crunchify-social__item\">\n            <a class=\"btn crunchify-social__link crunchify-social__link_twitter\" href=\"https:\/\/twitter.com\/intent\/tweet?text=A\u00e7\u00e3o%20conjunta%20do%20IFPE%20Garanhuns%20e%20Rede%20de%20Biodiversidade%20e%20Clima%20come\u00e7a%20a%20dar%20resultados&amp;url=https%3A%2F%2Fportal.ifpe.edu.br%2Fgaranhuns%2Fnoticias%2Facao-conjunta-do-ifpe-garanhuns-e-rede-de-biodiversidade-e-clima-comeca-a-dar-resultados%2F\" target=\"_blank\" data-toggle=\"tooltip\" data-placement=\"bottom\" title=\"Compartilhe no Twitter\">\n                <svg aria-hidden=\"true\" role=\"img\" width=\"16\" height=\"16\" viewBox=\"0 0 24 24\" xmlns=\"http:\/\/www.w3.org\/2000\/svg\"><path d=\"M23.954 4.569c-.885.389-1.83.654-2.825.775 1.014-.611 1.794-1.574 2.163-2.723-.951.555-2.005.959-3.127 1.184-.896-.959-2.173-1.559-3.591-1.559-2.717 0-4.92 2.203-4.92 4.917 0 .39.045.765.127 1.124C7.691 8.094 4.066 6.13 1.64 3.161c-.427.722-.666 1.561-.666 2.475 0 1.71.87 3.213 2.188 4.096-.807-.026-1.566-.248-2.228-.616v.061c0 2.385 1.693 4.374 3.946 4.827-.413.111-.849.171-1.296.171-.314 0-.615-.03-.916-.086.631 1.953 2.445 3.377 4.604 3.417-1.68 1.319-3.809 2.105-6.102 2.105-.39 0-.779-.023-1.17-.067 2.189 1.394 4.768 2.209 7.557 2.209 9.054 0 13.999-7.496 13.999-13.986 0-.209 0-.42-.015-.63.961-.689 1.8-1.56 2.46-2.548l-.047-.02z\"\/><\/svg>\n                <span class=\"sr-only\">Twitter<\/span>\n            <\/a>\n        <\/li>\n        <li class=\"crunchify-social__item\">\n            <a class=\"btn crunchify-social__link crunchify-social__link_linkedin\" href=\"https:\/\/www.linkedin.com\/shareArticle?mini=true&url=https%3A%2F%2Fportal.ifpe.edu.br%2Fgaranhuns%2Fnoticias%2Facao-conjunta-do-ifpe-garanhuns-e-rede-de-biodiversidade-e-clima-comeca-a-dar-resultados%2F&amp;title=A\u00e7\u00e3o%20conjunta%20do%20IFPE%20Garanhuns%20e%20Rede%20de%20Biodiversidade%20e%20Clima%20come\u00e7a%20a%20dar%20resultados\" target=\"_blank\" data-toggle=\"tooltip\" data-placement=\"bottom\" title=\"Compartilhe no Linkedin\">\n                <svg aria-hidden=\"true\" role=\"img\" width=\"16\" height=\"16\" viewBox=\"0 0 24 24\" xmlns=\"http:\/\/www.w3.org\/2000\/svg\"><path d=\"M20.447 20.452h-3.554v-5.569c0-1.328-.027-3.037-1.852-3.037-1.853 0-2.136 1.445-2.136 2.939v5.667H9.351V9h3.414v1.561h.046c.477-.9 1.637-1.85 3.37-1.85 3.601 0 4.267 2.37 4.267 5.455v6.286zM5.337 7.433c-1.144 0-2.063-.926-2.063-2.065 0-1.138.92-2.063 2.063-2.063 1.14 0 2.064.925 2.064 2.063 0 1.139-.925 2.065-2.064 2.065zm1.782 13.019H3.555V9h3.564v11.452zM22.225 0H1.771C.792 0 0 .774 0 1.729v20.542C0 23.227.792 24 1.771 24h20.451C23.2 24 24 23.227 24 22.271V1.729C24 .774 23.2 0 22.222 0h.003z\"\/><\/svg>\n                <span class=\"sr-only\">LinkedIn<\/span>\n            <\/a>\n        <\/li>\n        <li class=\"crunchify-social__item\">\n            <a class=\"btn crunchify-social__link crunchify-social__link_pinterest\" href=\"https:\/\/pinterest.com\/pin\/create\/button\/?url=https%3A%2F%2Fportal.ifpe.edu.br%2Fgaranhuns%2Fnoticias%2Facao-conjunta-do-ifpe-garanhuns-e-rede-de-biodiversidade-e-clima-comeca-a-dar-resultados%2F&amp;media=https:\/\/portal.ifpe.edu.br\/garanhuns\/wp-content\/uploads\/sites\/16\/2026\/04\/Design-sem-nome-11.png&amp;description=A\u00e7\u00e3o%20conjunta%20do%20IFPE%20Garanhuns%20e%20Rede%20de%20Biodiversidade%20e%20Clima%20come\u00e7a%20a%20dar%20resultados\" data-pin-custom=\"true\" target=\"_blank\" data-toggle=\"tooltip\" data-placement=\"bottom\" title=\"Compartilhe no Pinterest\">\n                <svg aria-hidden=\"true\" role=\"img\" width=\"16\" height=\"16\" viewBox=\"0 0 24 24\" xmlns=\"http:\/\/www.w3.org\/2000\/svg\"><path d=\"M12.017 0C5.396 0 .029 5.367.029 11.987c0 5.079 3.158 9.417 7.618 11.162-.105-.949-.199-2.403.041-3.439.219-.937 1.406-5.957 1.406-5.957s-.359-.72-.359-1.781c0-1.663.967-2.911 2.168-2.911 1.024 0 1.518.769 1.518 1.688 0 1.029-.653 2.567-.992 3.992-.285 1.193.6 2.165 1.775 2.165 2.128 0 3.768-2.245 3.768-5.487 0-2.861-2.063-4.869-5.008-4.869-3.41 0-5.409 2.562-5.409 5.199 0 1.033.394 2.143.889 2.741.099.12.112.225.085.345-.09.375-.293 1.199-.334 1.363-.053.225-.172.271-.401.165-1.495-.69-2.433-2.878-2.433-4.646 0-3.776 2.748-7.252 7.92-7.252 4.158 0 7.392 2.967 7.392 6.923 0 4.135-2.607 7.462-6.233 7.462-1.214 0-2.354-.629-2.758-1.379l-.749 2.848c-.269 1.045-1.004 2.352-1.498 3.146 1.123.345 2.306.535 3.55.535 6.607 0 11.985-5.365 11.985-11.987C23.97 5.39 18.592.026 11.985.026L12.017 0z\"\/><\/svg>\n                <span class=\"sr-only\">Pinterest<\/span>\n            <\/a>\n        <\/li>\n        <li class=\"crunchify-social__item\">\n            <a class=\"btn crunchify-social__link crunchify-social__link_whatsapp\" href=\"whatsapp:\/\/send?text=A\u00e7\u00e3o%20conjunta%20do%20IFPE%20Garanhuns%20e%20Rede%20de%20Biodiversidade%20e%20Clima%20come\u00e7a%20a%20dar%20resultados https%3A%2F%2Fportal.ifpe.edu.br%2Fgaranhuns%2Fnoticias%2Facao-conjunta-do-ifpe-garanhuns-e-rede-de-biodiversidade-e-clima-comeca-a-dar-resultados%2F\" target=\"_blank\" data-toggle=\"tooltip\" data-placement=\"bottom\" title=\"Compartilhe no WhatsApp\">\n                <svg aria-hidden=\"true\" role=\"img\" width=\"16\" height=\"16\" viewBox=\"0 0 24 24\" xmlns=\"http:\/\/www.w3.org\/2000\/svg\"><path d=\"M17.498 14.382c-.301-.15-1.767-.867-2.04-.966-.273-.101-.473-.15-.673.15-.197.295-.771.964-.944 1.162-.175.195-.349.21-.646.075-.3-.15-1.263-.465-2.403-1.485-.888-.795-1.484-1.77-1.66-2.07-.174-.3-.019-.465.13-.615.136-.135.301-.345.451-.523.146-.181.194-.301.297-.496.1-.21.049-.375-.025-.524-.075-.15-.672-1.62-.922-2.206-.24-.584-.487-.51-.672-.51-.172-.015-.371-.015-.571-.015-.2 0-.523.074-.797.359-.273.3-1.045 1.02-1.045 2.475s1.07 2.865 1.219 3.075c.149.195 2.105 3.195 5.1 4.485.714.3 1.27.48 1.704.629.714.227 1.365.195 1.88.121.574-.091 1.767-.721 2.016-1.426.255-.705.255-1.29.18-1.425-.074-.135-.27-.21-.57-.345m-5.446 7.443h-.016c-1.77 0-3.524-.48-5.055-1.38l-.36-.214-3.75.975 1.005-3.645-.239-.375c-.99-1.576-1.516-3.391-1.516-5.26 0-5.445 4.455-9.885 9.942-9.885 2.654 0 5.145 1.035 7.021 2.91 1.875 1.859 2.909 4.35 2.909 6.99-.004 5.444-4.46 9.885-9.935 9.885M20.52 3.449C18.24 1.245 15.24 0 12.045 0 5.463 0 .104 5.334.101 11.893c0 2.096.549 4.14 1.595 5.945L0 24l6.335-1.652c1.746.943 3.71 1.444 5.71 1.447h.006c6.585 0 11.946-5.336 11.949-11.896 0-3.176-1.24-6.165-3.495-8.411\"\/><\/svg>\n                <span class=\"sr-only\">WhatsApp<\/span>\n            <\/a>\n        <\/li>\n    <\/ul>\n","protected":false},"excerpt":{"rendered":"<p>Iniciativa formalizada em dezembro de 2025 utiliza expertises das duas institui\u00e7\u00f5es. A primeira colheita de hortali\u00e7as j\u00e1 aconteceu, com distribui\u00e7\u00e3o dos alimentos para a comunidade acad\u00eamica<\/p>\n","protected":false},"author":26,"featured_media":7541,"comment_status":"closed","ping_status":"closed","sticky":false,"template":"","format":"standard","meta":[],"categories":[1],"tags":[],"_links":{"self":[{"href":"https:\/\/portal.ifpe.edu.br\/garanhuns\/wp-json\/wp\/v2\/posts\/7539"}],"collection":[{"href":"https:\/\/portal.ifpe.edu.br\/garanhuns\/wp-json\/wp\/v2\/posts"}],"about":[{"href":"https:\/\/portal.ifpe.edu.br\/garanhuns\/wp-json\/wp\/v2\/types\/post"}],"author":[{"embeddable":true,"href":"https:\/\/portal.ifpe.edu.br\/garanhuns\/wp-json\/wp\/v2\/users\/26"}],"replies":[{"embeddable":true,"href":"https:\/\/portal.ifpe.edu.br\/garanhuns\/wp-json\/wp\/v2\/comments?post=7539"}],"version-history":[{"count":3,"href":"https:\/\/portal.ifpe.edu.br\/garanhuns\/wp-json\/wp\/v2\/posts\/7539\/revisions"}],"predecessor-version":[{"id":7551,"href":"https:\/\/portal.ifpe.edu.br\/garanhuns\/wp-json\/wp\/v2\/posts\/7539\/revisions\/7551"}],"wp:featuredmedia":[{"embeddable":true,"href":"https:\/\/portal.ifpe.edu.br\/garanhuns\/wp-json\/wp\/v2\/media\/7541"}],"wp:attachment":[{"href":"https:\/\/portal.ifpe.edu.br\/garanhuns\/wp-json\/wp\/v2\/media?parent=7539"}],"wp:term":[{"taxonomy":"category","embeddable":true,"href":"https:\/\/portal.ifpe.edu.br\/garanhuns\/wp-json\/wp\/v2\/categories?post=7539"},{"taxonomy":"post_tag","embeddable":true,"href":"https:\/\/portal.ifpe.edu.br\/garanhuns\/wp-json\/wp\/v2\/tags?post=7539"}],"curies":[{"name":"wp","href":"https:\/\/api.w.org\/{rel}","templated":true}]}}