{"id":5497,"date":"2026-09-01T20:03:31","date_gmt":"2026-09-01T23:03:31","guid":{"rendered":"https:\/\/portal.ifpe.edu.br\/olinda\/?p=5497"},"modified":"2026-09-01T20:03:31","modified_gmt":"2026-09-01T23:03:31","slug":"ifpe-olinda-prorroga-inscricoes-para-o-programa-de-tutoria-de-pares","status":"publish","type":"post","link":"https:\/\/portal.ifpe.edu.br\/olinda\/noticias\/ifpe-olinda-prorroga-inscricoes-para-o-programa-de-tutoria-de-pares\/","title":{"rendered":"IFPE Olinda prorroga inscri\u00e7\u00f5es para o Programa de Tutoria de Pares"},"content":{"rendered":"\n<div class=\"flex max-w-full flex-col gap-4 grow\">\n<div class=\"min-h-8 text-message relative flex w-full flex-col items-end gap-2 text-start break-words whitespace-normal outline-none keyboard-focused:focus-ring [.text-message+&amp;]:mt-1\" dir=\"auto\" data-message-author-role=\"assistant\" data-message-id=\"bf8b8b05-e320-438f-b2f2-a082f99f8bf8\" data-message-model-slug=\"gpt-5-6\" data-turn-start-message=\"true\">\n<div class=\"flex w-full flex-col gap-1 empty:hidden\">\n<div class=\"fbskMG_root markdown prose dark:prose-invert wrap-break-word w-full light markdown-new-styling\">\n<p data-start=\"71\" data-end=\"298\">O IFPE Olinda prorrogou o per&iacute;odo de inscri&ccedil;&otilde;es para o Programa de Tutoria de Pares. Com a altera&ccedil;&atilde;o, estudantes interessados em atuar como tutores\/as poder&atilde;o se inscrever at&eacute; o dia 7 de setembro (segunda-feira).<\/p>\n<p data-start=\"300\" data-end=\"519\">A iniciativa promove o apoio entre estudantes e contribui para a inclus&atilde;o, a perman&ecirc;ncia e o &ecirc;xito acad&ecirc;mico de estudantes vinculados ao N&uacute;cleo de Apoio &agrave;s Pessoas com Defici&ecirc;ncia (Napne) ou inst&acirc;ncias equivalentes.<\/p>\n<p data-start=\"521\" data-end=\"869\">A tutoria de pares &eacute; uma atividade acad&ecirc;mica em que um\/a estudante tutor\/a acompanha outro\/a estudante, chamado\/a tutorado\/a, oferecendo suporte em atividades pedag&oacute;gicas, na rotina institucional e na inser&ccedil;&atilde;o no ambiente acad&ecirc;mico. A proposta tamb&eacute;m busca estimular a autonomia, a coopera&ccedil;&atilde;o e a constru&ccedil;&atilde;o de rela&ccedil;&otilde;es de aprendizagem entre pares.<\/p>\n<p data-start=\"871\" data-end=\"1249\">Podem participar estudantes regularmente matriculados nos cursos do Campus Olinda que j&aacute; tenham conclu&iacute;do o primeiro semestre. Entre os crit&eacute;rios est&atilde;o ter frequ&ecirc;ncia m&iacute;nima de 75% no &uacute;ltimo semestre, coeficiente de rendimento igual ou superior a 6,0, n&atilde;o possuir reprova&ccedil;&otilde;es n&atilde;o recuperadas e ter disponibilidade para cumprir 10 horas semanais de atividades de tutoria.<\/p>\n<h3 data-section-id=\"xx9lvi\" data-start=\"1251\" data-end=\"1276\">Cinco vagas com bolsa<\/h3>\n<p data-start=\"1278\" data-end=\"1399\">O edital prev&ecirc; cinco vagas para tutores\/as bolsistas, distribu&iacute;das entre os cursos e turnos dos estudantes tutorados:<\/p>\n<ul data-start=\"1401\" data-end=\"1591\">\n<li data-section-id=\"992as\" data-start=\"1401\" data-end=\"1435\"><strong data-start=\"1403\" data-end=\"1428\">Artes Visuais, manh&atilde;:<\/strong> 1 vaga<\/li>\n<li data-section-id=\"c3xzcb\" data-start=\"1436\" data-end=\"1470\"><strong data-start=\"1438\" data-end=\"1463\">Artes Visuais, tarde:<\/strong> 1 vaga<\/li>\n<li data-section-id=\"eoxqz8\" data-start=\"1471\" data-end=\"1510\"><strong data-start=\"1473\" data-end=\"1503\">Computa&ccedil;&atilde;o Gr&aacute;fica, manh&atilde;:<\/strong> 1 vaga<\/li>\n<li data-section-id=\"bcacuz\" data-start=\"1511\" data-end=\"1550\"><strong data-start=\"1513\" data-end=\"1543\">Computa&ccedil;&atilde;o Gr&aacute;fica, tarde:<\/strong> 1 vaga<\/li>\n<li data-section-id=\"113ukid\" data-start=\"1551\" data-end=\"1591\"><strong data-start=\"1553\" data-end=\"1584\">Produ&ccedil;&atilde;o Multim&iacute;dia, noite:<\/strong> 1 vaga<\/li>\n<\/ul>\n<p data-start=\"1593\" data-end=\"1811\">A bolsa &eacute; de R$ 200 mensais, com carga hor&aacute;ria de 10 horas semanais. O edital tamb&eacute;m prev&ecirc; a possibilidade de convoca&ccedil;&atilde;o de estudantes classificados para atua&ccedil;&atilde;o volunt&aacute;ria, conforme o surgimento de novas demandas.<\/p>\n<p data-start=\"1813\" data-end=\"2253\">Entre as atribui&ccedil;&otilde;es do\/a tutor\/a est&atilde;o auxiliar o\/a estudante tutorado\/a na organiza&ccedil;&atilde;o de atividades e prazos, apoiar sua inser&ccedil;&atilde;o na vida acad&ecirc;mica, colaborar na realiza&ccedil;&atilde;o de trabalhos pr&aacute;ticos compat&iacute;veis com seus conhecimentos e auxiliar na utiliza&ccedil;&atilde;o de materiais did&aacute;ticos e tecnologias assistivas, quando necess&aacute;rio. Os\/as tutores\/as tamb&eacute;m dever&atilde;o participar de forma&ccedil;&otilde;es e apresentar frequ&ecirc;ncia e relat&oacute;rio mensal das atividades.<\/p>\n<h3 data-section-id=\"hfz8fi\" data-start=\"2255\" data-end=\"2269\">Inscri&ccedil;&otilde;es<\/h3>\n<p data-start=\"2271\" data-end=\"2520\">As inscri&ccedil;&otilde;es podem ser realizadas at&eacute; 7 de setembro de 2026, exclusivamente de forma on-line, pelo Sistema Fluxo.IFPE, utilizando o e-mail institucional. Durante a inscri&ccedil;&atilde;o, devem ser anexadas c&oacute;pias leg&iacute;veis da documenta&ccedil;&atilde;o exigida no edital.<\/p>\n<p data-start=\"2522\" data-end=\"2791\">A sele&ccedil;&atilde;o ser&aacute; realizada em duas etapas: an&aacute;lise do hist&oacute;rico escolar, de car&aacute;ter eliminat&oacute;rio e classificat&oacute;rio, com pontua&ccedil;&atilde;o de at&eacute; 40 pontos, e entrevista, de car&aacute;ter classificat&oacute;rio, com pontua&ccedil;&atilde;o de at&eacute; 60 pontos. A pontua&ccedil;&atilde;o final ser&aacute; de at&eacute; 100 pontos.<\/p>\n<h3 data-section-id=\"1gmkja1\" data-start=\"2793\" data-end=\"2812\">Novo cronograma<\/h3>\n<p data-start=\"2814\" data-end=\"2936\">Com a prorroga&ccedil;&atilde;o das inscri&ccedil;&otilde;es, as demais etapas do processo seletivo tamb&eacute;m foram atualizadas. O novo cronograma prev&ecirc;:<\/p>\n<ul data-start=\"2938\" data-end=\"3565\">\n<li data-section-id=\"w5hnat\" data-start=\"2938\" data-end=\"2979\"><strong data-start=\"2940\" data-end=\"2949\">07\/09<\/strong> &ndash; Encerramento das inscri&ccedil;&otilde;es<\/li>\n<li data-section-id=\"19a5k2o\" data-start=\"2980\" data-end=\"3020\"><strong data-start=\"2982\" data-end=\"2991\">08\/09<\/strong> &ndash; Homologa&ccedil;&atilde;o das inscri&ccedil;&otilde;es<\/li>\n<li data-section-id=\"w3s8bp\" data-start=\"3021\" data-end=\"3063\"><strong data-start=\"3023\" data-end=\"3032\">09\/09<\/strong> &ndash; An&aacute;lise do hist&oacute;rico escolar<\/li>\n<li data-section-id=\"y88g0h\" data-start=\"3064\" data-end=\"3109\"><strong data-start=\"3066\" data-end=\"3075\">10\/09<\/strong> &ndash; Resultado preliminar da Etapa 1<\/li>\n<li data-section-id=\"6frp4q\" data-start=\"3110\" data-end=\"3158\"><strong data-start=\"3112\" data-end=\"3121\">11\/09<\/strong> &ndash; Interposi&ccedil;&atilde;o de recursos &agrave; Etapa 1<\/li>\n<li data-section-id=\"1q34vpd\" data-start=\"3159\" data-end=\"3193\"><strong data-start=\"3161\" data-end=\"3170\">14\/09<\/strong> &ndash; An&aacute;lise dos recursos<\/li>\n<li data-section-id=\"14fb9l4\" data-start=\"3194\" data-end=\"3256\"><strong data-start=\"3196\" data-end=\"3205\">15\/09<\/strong> &ndash; Resultado da Etapa 1 e convoca&ccedil;&atilde;o para a Etapa 2<\/li>\n<li data-section-id=\"1svgnlm\" data-start=\"3257\" data-end=\"3287\"><strong data-start=\"3259\" data-end=\"3273\">16 a 21\/09<\/strong> &ndash; Entrevistas<\/li>\n<li data-section-id=\"1g4ihf\" data-start=\"3288\" data-end=\"3333\"><strong data-start=\"3290\" data-end=\"3299\">22\/09<\/strong> &ndash; Resultado preliminar da Etapa 2<\/li>\n<li data-section-id=\"1emrt7c\" data-start=\"3334\" data-end=\"3382\"><strong data-start=\"3336\" data-end=\"3345\">23\/09<\/strong> &ndash; Interposi&ccedil;&atilde;o de recursos &agrave; Etapa 2<\/li>\n<li data-section-id=\"1avmwv6\" data-start=\"3383\" data-end=\"3417\"><strong data-start=\"3385\" data-end=\"3394\">24\/09<\/strong> &ndash; An&aacute;lise dos recursos<\/li>\n<li data-section-id=\"kbdinp\" data-start=\"3418\" data-end=\"3447\"><strong data-start=\"3420\" data-end=\"3429\">25\/09<\/strong> &ndash; Resultado final<\/li>\n<li data-section-id=\"1f9az9\" data-start=\"3448\" data-end=\"3533\"><strong data-start=\"3450\" data-end=\"3464\">28 a 30\/09<\/strong> &ndash; Preenchimento do Termo de Compromisso e forma&ccedil;&atilde;o dos\/as tutores\/as<\/li>\n<li data-section-id=\"1t2sn5q\" data-start=\"3534\" data-end=\"3565\"><strong data-start=\"3536\" data-end=\"3545\">01\/10<\/strong> &ndash; In&iacute;cio da tutoria<\/li>\n<\/ul>\n<p data-start=\"3567\" data-end=\"3733\">O cronograma retificado confirma a nova data de encerramento das inscri&ccedil;&otilde;es e atualiza as etapas seguintes do processo seletivo.<\/p>\n<p data-start=\"3735\" data-end=\"3747\"><strong data-start=\"3735\" data-end=\"3747\">Confira:<\/strong><\/p>\n<p data-start=\"3749\" data-end=\"3877\"><a class=\"decorated-link\" href=\"https:\/\/portal.ifpe.edu.br\/olinda\/wp-content\/uploads\/sites\/20\/2026\/08\/SEI_2593629_Minuta___Edital_Campi__01__1.pdf\" target=\"_new\" rel=\"noopener\" data-start=\"3763\" data-end=\"3877\">Edital<\/a><\/p>\n<p data-start=\"3879\" data-end=\"3955\"><a href=\"https:\/\/portal.ifpe.edu.br\/olinda\/wp-content\/uploads\/sites\/20\/2026\/09\/Cronograma-retificado.pdf\"><strong data-start=\"3879\" data-end=\"3905\">Cronograma retificado<\/strong><\/a><\/p>\n<p data-start=\"3879\" data-end=\"3955\"><a class=\"decorated-link\" href=\"https:\/\/fluxo.ifpe.edu.br\/accounts\/login\" target=\"_new\" rel=\"noopener\" data-start=\"3983\" data-end=\"4023\" data-is-last-node=\"\">Sistema Fluxo<\/a><\/p>\n<\/div>\n<\/div>\n<\/div>\n<\/div>\n<div class=\"z-0 flex min-h-[46px] justify-start\">\n<blockquote class=\"wp-embedded-content\" data-secret=\"BwPCGYu1S2\"><p><a href=\"https:\/\/portal.ifpe.edu.br\/olinda\/noticias\/ifpe-olinda-abre-selecao-para-programa-de-tutoria-de-pares\/\">IFPE Olinda abre sele&ccedil;&atilde;o para Programa de Tutoria de Pares<\/a><\/p><\/blockquote>\n<p><iframe class=\"wp-embedded-content\" sandbox=\"allow-scripts\" security=\"restricted\" style=\"position: absolute; clip: rect(1px, 1px, 1px, 1px);\" title=\"&ldquo;IFPE Olinda abre sele&ccedil;&atilde;o para Programa de Tutoria de Pares&rdquo; &mdash; Campus Olinda\" src=\"https:\/\/portal.ifpe.edu.br\/olinda\/noticias\/ifpe-olinda-abre-selecao-para-programa-de-tutoria-de-pares\/embed\/#?secret=p2je3DAUaJ#?secret=BwPCGYu1S2\" data-secret=\"BwPCGYu1S2\" width=\"600\" height=\"338\" frameborder=\"0\" marginwidth=\"0\" marginheight=\"0\" scrolling=\"no\"><\/iframe><\/p>\n<\/div>\n<div class=\"pointer-events-none -mb-px h-px w-full opacity-0\" aria-hidden=\"true\"><\/div>\n\n\n    <ul class=\"crunchify-social\">\n        <li class=\"crunchify-social__item crunchify-social__item--first\"><span class=\"sr-only\">Compartilhar conte&uacute;do:<\/span><\/li>\n        <li class=\"crunchify-social__item\">\n            <a class=\"btn crunchify-social__link crunchify-social__link_facebook\" href=\"https:\/\/www.facebook.com\/sharer\/sharer.php?u=https%3A%2F%2Fportal.ifpe.edu.br%2Folinda%2Fnoticias%2Fifpe-olinda-prorroga-inscricoes-para-o-programa-de-tutoria-de-pares%2F\" target=\"_blank\" data-toggle=\"tooltip\" data-placement=\"bottom\" title=\"Compartilhe no Facebook\">\n                <svg aria-hidden=\"true\" role=\"img\" width=\"16\" height=\"16\" viewBox=\"0 0 24 24\" xmlns=\"http:\/\/www.w3.org\/2000\/svg\"><path d=\"M22.676 0H1.324C.593 0 0 .593 0 1.324v21.352C0 23.408.593 24 1.324 24h11.494v-9.294H9.689v-3.621h3.129V8.41c0-3.099 1.894-4.785 4.659-4.785 1.325 0 2.464.097 2.796.141v3.24h-1.921c-1.5 0-1.792.721-1.792 1.771v2.311h3.584l-.465 3.63H16.56V24h6.115c.733 0 1.325-.592 1.325-1.324V1.324C24 .593 23.408 0 22.676 0\"\/><\/svg>\n                <span class=\"sr-only\">Facebook<\/span>\n            <\/a>\n        <\/li>\n        <li class=\"crunchify-social__item\">\n            <a class=\"btn crunchify-social__link crunchify-social__link_twitter\" href=\"https:\/\/twitter.com\/intent\/tweet?text=IFPE%20Olinda%20prorroga%20inscri\u00e7\u00f5es%20para%20o%20Programa%20de%20Tutoria%20de%20Pares&amp;url=https%3A%2F%2Fportal.ifpe.edu.br%2Folinda%2Fnoticias%2Fifpe-olinda-prorroga-inscricoes-para-o-programa-de-tutoria-de-pares%2F\" target=\"_blank\" data-toggle=\"tooltip\" data-placement=\"bottom\" title=\"Compartilhe no Twitter\">\n                <svg aria-hidden=\"true\" role=\"img\" width=\"16\" height=\"16\" viewBox=\"0 0 24 24\" xmlns=\"http:\/\/www.w3.org\/2000\/svg\"><path d=\"M23.954 4.569c-.885.389-1.83.654-2.825.775 1.014-.611 1.794-1.574 2.163-2.723-.951.555-2.005.959-3.127 1.184-.896-.959-2.173-1.559-3.591-1.559-2.717 0-4.92 2.203-4.92 4.917 0 .39.045.765.127 1.124C7.691 8.094 4.066 6.13 1.64 3.161c-.427.722-.666 1.561-.666 2.475 0 1.71.87 3.213 2.188 4.096-.807-.026-1.566-.248-2.228-.616v.061c0 2.385 1.693 4.374 3.946 4.827-.413.111-.849.171-1.296.171-.314 0-.615-.03-.916-.086.631 1.953 2.445 3.377 4.604 3.417-1.68 1.319-3.809 2.105-6.102 2.105-.39 0-.779-.023-1.17-.067 2.189 1.394 4.768 2.209 7.557 2.209 9.054 0 13.999-7.496 13.999-13.986 0-.209 0-.42-.015-.63.961-.689 1.8-1.56 2.46-2.548l-.047-.02z\"\/><\/svg>\n                <span class=\"sr-only\">Twitter<\/span>\n            <\/a>\n        <\/li>\n        <li class=\"crunchify-social__item\">\n            <a class=\"btn crunchify-social__link crunchify-social__link_linkedin\" href=\"https:\/\/www.linkedin.com\/shareArticle?mini=true&url=https%3A%2F%2Fportal.ifpe.edu.br%2Folinda%2Fnoticias%2Fifpe-olinda-prorroga-inscricoes-para-o-programa-de-tutoria-de-pares%2F&amp;title=IFPE%20Olinda%20prorroga%20inscri\u00e7\u00f5es%20para%20o%20Programa%20de%20Tutoria%20de%20Pares\" target=\"_blank\" data-toggle=\"tooltip\" data-placement=\"bottom\" title=\"Compartilhe no Linkedin\">\n                <svg aria-hidden=\"true\" role=\"img\" width=\"16\" height=\"16\" viewBox=\"0 0 24 24\" xmlns=\"http:\/\/www.w3.org\/2000\/svg\"><path d=\"M20.447 20.452h-3.554v-5.569c0-1.328-.027-3.037-1.852-3.037-1.853 0-2.136 1.445-2.136 2.939v5.667H9.351V9h3.414v1.561h.046c.477-.9 1.637-1.85 3.37-1.85 3.601 0 4.267 2.37 4.267 5.455v6.286zM5.337 7.433c-1.144 0-2.063-.926-2.063-2.065 0-1.138.92-2.063 2.063-2.063 1.14 0 2.064.925 2.064 2.063 0 1.139-.925 2.065-2.064 2.065zm1.782 13.019H3.555V9h3.564v11.452zM22.225 0H1.771C.792 0 0 .774 0 1.729v20.542C0 23.227.792 24 1.771 24h20.451C23.2 24 24 23.227 24 22.271V1.729C24 .774 23.2 0 22.222 0h.003z\"\/><\/svg>\n                <span class=\"sr-only\">LinkedIn<\/span>\n            <\/a>\n        <\/li>\n        <li class=\"crunchify-social__item\">\n            <a class=\"btn crunchify-social__link crunchify-social__link_pinterest\" href=\"https:\/\/pinterest.com\/pin\/create\/button\/?url=https%3A%2F%2Fportal.ifpe.edu.br%2Folinda%2Fnoticias%2Fifpe-olinda-prorroga-inscricoes-para-o-programa-de-tutoria-de-pares%2F&amp;media=https:\/\/portal.ifpe.edu.br\/olinda\/wp-content\/uploads\/sites\/20\/2026\/09\/Programa-de-Tutoria-de-Pares2026.2-Site.png&amp;description=IFPE%20Olinda%20prorroga%20inscri\u00e7\u00f5es%20para%20o%20Programa%20de%20Tutoria%20de%20Pares\" data-pin-custom=\"true\" target=\"_blank\" data-toggle=\"tooltip\" data-placement=\"bottom\" title=\"Compartilhe no Pinterest\">\n                <svg aria-hidden=\"true\" role=\"img\" width=\"16\" height=\"16\" viewBox=\"0 0 24 24\" xmlns=\"http:\/\/www.w3.org\/2000\/svg\"><path d=\"M12.017 0C5.396 0 .029 5.367.029 11.987c0 5.079 3.158 9.417 7.618 11.162-.105-.949-.199-2.403.041-3.439.219-.937 1.406-5.957 1.406-5.957s-.359-.72-.359-1.781c0-1.663.967-2.911 2.168-2.911 1.024 0 1.518.769 1.518 1.688 0 1.029-.653 2.567-.992 3.992-.285 1.193.6 2.165 1.775 2.165 2.128 0 3.768-2.245 3.768-5.487 0-2.861-2.063-4.869-5.008-4.869-3.41 0-5.409 2.562-5.409 5.199 0 1.033.394 2.143.889 2.741.099.12.112.225.085.345-.09.375-.293 1.199-.334 1.363-.053.225-.172.271-.401.165-1.495-.69-2.433-2.878-2.433-4.646 0-3.776 2.748-7.252 7.92-7.252 4.158 0 7.392 2.967 7.392 6.923 0 4.135-2.607 7.462-6.233 7.462-1.214 0-2.354-.629-2.758-1.379l-.749 2.848c-.269 1.045-1.004 2.352-1.498 3.146 1.123.345 2.306.535 3.55.535 6.607 0 11.985-5.365 11.985-11.987C23.97 5.39 18.592.026 11.985.026L12.017 0z\"\/><\/svg>\n                <span class=\"sr-only\">Pinterest<\/span>\n            <\/a>\n        <\/li>\n        <li class=\"crunchify-social__item\">\n            <a class=\"btn crunchify-social__link crunchify-social__link_whatsapp\" href=\"whatsapp:\/\/send?text=IFPE%20Olinda%20prorroga%20inscri\u00e7\u00f5es%20para%20o%20Programa%20de%20Tutoria%20de%20Pares https%3A%2F%2Fportal.ifpe.edu.br%2Folinda%2Fnoticias%2Fifpe-olinda-prorroga-inscricoes-para-o-programa-de-tutoria-de-pares%2F\" target=\"_blank\" data-toggle=\"tooltip\" data-placement=\"bottom\" title=\"Compartilhe no WhatsApp\">\n                <svg aria-hidden=\"true\" role=\"img\" width=\"16\" height=\"16\" viewBox=\"0 0 24 24\" xmlns=\"http:\/\/www.w3.org\/2000\/svg\"><path d=\"M17.498 14.382c-.301-.15-1.767-.867-2.04-.966-.273-.101-.473-.15-.673.15-.197.295-.771.964-.944 1.162-.175.195-.349.21-.646.075-.3-.15-1.263-.465-2.403-1.485-.888-.795-1.484-1.77-1.66-2.07-.174-.3-.019-.465.13-.615.136-.135.301-.345.451-.523.146-.181.194-.301.297-.496.1-.21.049-.375-.025-.524-.075-.15-.672-1.62-.922-2.206-.24-.584-.487-.51-.672-.51-.172-.015-.371-.015-.571-.015-.2 0-.523.074-.797.359-.273.3-1.045 1.02-1.045 2.475s1.07 2.865 1.219 3.075c.149.195 2.105 3.195 5.1 4.485.714.3 1.27.48 1.704.629.714.227 1.365.195 1.88.121.574-.091 1.767-.721 2.016-1.426.255-.705.255-1.29.18-1.425-.074-.135-.27-.21-.57-.345m-5.446 7.443h-.016c-1.77 0-3.524-.48-5.055-1.38l-.36-.214-3.75.975 1.005-3.645-.239-.375c-.99-1.576-1.516-3.391-1.516-5.26 0-5.445 4.455-9.885 9.942-9.885 2.654 0 5.145 1.035 7.021 2.91 1.875 1.859 2.909 4.35 2.909 6.99-.004 5.444-4.46 9.885-9.935 9.885M20.52 3.449C18.24 1.245 15.24 0 12.045 0 5.463 0 .104 5.334.101 11.893c0 2.096.549 4.14 1.595 5.945L0 24l6.335-1.652c1.746.943 3.71 1.444 5.71 1.447h.006c6.585 0 11.946-5.336 11.949-11.896 0-3.176-1.24-6.165-3.495-8.411\"\/><\/svg>\n                <span class=\"sr-only\">WhatsApp<\/span>\n            <\/a>\n        <\/li>\n    <\/ul>\n","protected":false},"excerpt":{"rendered":"<p>Inscri\u00e7\u00f5es foram prorrogadas at\u00e9 7 de setembro, processo seletivo oferece cinco vagas com bolsa<\/p>\n","protected":false},"author":17,"featured_media":5499,"comment_status":"closed","ping_status":"closed","sticky":false,"template":"","format":"standard","meta":[],"categories":[1],"tags":[],"_links":{"self":[{"href":"https:\/\/portal.ifpe.edu.br\/olinda\/wp-json\/wp\/v2\/posts\/5497"}],"collection":[{"href":"https:\/\/portal.ifpe.edu.br\/olinda\/wp-json\/wp\/v2\/posts"}],"about":[{"href":"https:\/\/portal.ifpe.edu.br\/olinda\/wp-json\/wp\/v2\/types\/post"}],"author":[{"embeddable":true,"href":"https:\/\/portal.ifpe.edu.br\/olinda\/wp-json\/wp\/v2\/users\/17"}],"replies":[{"embeddable":true,"href":"https:\/\/portal.ifpe.edu.br\/olinda\/wp-json\/wp\/v2\/comments?post=5497"}],"version-history":[{"count":1,"href":"https:\/\/portal.ifpe.edu.br\/olinda\/wp-json\/wp\/v2\/posts\/5497\/revisions"}],"predecessor-version":[{"id":5500,"href":"https:\/\/portal.ifpe.edu.br\/olinda\/wp-json\/wp\/v2\/posts\/5497\/revisions\/5500"}],"wp:featuredmedia":[{"embeddable":true,"href":"https:\/\/portal.ifpe.edu.br\/olinda\/wp-json\/wp\/v2\/media\/5499"}],"wp:attachment":[{"href":"https:\/\/portal.ifpe.edu.br\/olinda\/wp-json\/wp\/v2\/media?parent=5497"}],"wp:term":[{"taxonomy":"category","embeddable":true,"href":"https:\/\/portal.ifpe.edu.br\/olinda\/wp-json\/wp\/v2\/categories?post=5497"},{"taxonomy":"post_tag","embeddable":true,"href":"https:\/\/portal.ifpe.edu.br\/olinda\/wp-json\/wp\/v2\/tags?post=5497"}],"curies":[{"name":"wp","href":"https:\/\/api.w.org\/{rel}","templated":true}]}}