{"id":5506,"date":"2026-09-02T18:02:19","date_gmt":"2026-09-02T21:02:19","guid":{"rendered":"https:\/\/portal.ifpe.edu.br\/olinda\/?p=5506"},"modified":"2026-09-02T18:29:22","modified_gmt":"2026-09-02T21:29:22","slug":"curso-de-producao-multimidia-do-ifpe-olinda-recebe-conceito-maximo-em-avaliacao-do-mec","status":"publish","type":"post","link":"https:\/\/portal.ifpe.edu.br\/olinda\/noticias\/curso-de-producao-multimidia-do-ifpe-olinda-recebe-conceito-maximo-em-avaliacao-do-mec\/","title":{"rendered":"Curso de Produ\u00e7\u00e3o Multim\u00eddia do IFPE Olinda recebe conceito m\u00e1ximo em avalia\u00e7\u00e3o do MEC"},"content":{"rendered":"\n<p data-start=\"518\" data-end=\"900\">Na noite desta ter&ccedil;a-feira (1&ordm;), teve pizza no IFPE Olinda. Mas n&atilde;o era uma noite qualquer. As turmas do <a href=\"https:\/\/portal.ifpe.edu.br\/olinda\/cursos\/superiores\/producao-multimidia\/\">curso superior de Tecnologia em Produ&ccedil;&atilde;o Multim&iacute;dia<\/a> se reuniram para comemorar uma conquista que agora passa a fazer parte da hist&oacute;ria do Campus: o curso recebeu conceito 5, a nota m&aacute;xima, na primeira avalia&ccedil;&atilde;o de reconhecimento realizada pelo Minist&eacute;rio da Educa&ccedil;&atilde;o (MEC).<\/p>\n<p data-start=\"902\" data-end=\"1204\">O resultado foi divulgado ap&oacute;s a avalia&ccedil;&atilde;o <em data-start=\"945\" data-end=\"954\">in loco<\/em> realizada pelo Instituto Nacional de Estudos e Pesquisas Educacionais An&iacute;sio Teixeira (Inep), entre os dias 24 e 26 de agosto. O relat&oacute;rio avaliou diferentes aspectos do curso e atribuiu conceito final cont&iacute;nuo de 4,55, correspondente &agrave; faixa 5.<\/p>\n<div id=\"attachment_5507\" style=\"width: 690px\" class=\"wp-caption alignright\"><img aria-describedby=\"caption-attachment-5507\" decoding=\"async\" loading=\"lazy\" class=\"lazyload wp-image-5507 size-large\" alt=\"\" width=\"680\" height=\"404\" srcset=\"\" sizes=\"(max-width: 680px) 100vw, 680px\" data-sizes=\"auto\" data-src=\"https:\/\/portal.ifpe.edu.br\/olinda\/wp-content\/uploads\/sites\/20\/2026\/09\/Comemorcao-1-1024x608.jpeg\" data-srcset=\"https:\/\/portal.ifpe.edu.br\/olinda\/wp-content\/uploads\/sites\/20\/2026\/09\/Comemorcao-1-1024x608.jpeg 1024w, https:\/\/portal.ifpe.edu.br\/olinda\/wp-content\/uploads\/sites\/20\/2026\/09\/Comemorcao-1-300x178.jpeg 300w, https:\/\/portal.ifpe.edu.br\/olinda\/wp-content\/uploads\/sites\/20\/2026\/09\/Comemorcao-1-750x445.jpeg 750w, https:\/\/portal.ifpe.edu.br\/olinda\/wp-content\/uploads\/sites\/20\/2026\/09\/Comemorcao-1.jpeg 1470w\"><p id=\"caption-attachment-5507\" class=\"wp-caption-text\"><em><strong>Estudantes e servidores comemoram conceito 5 obtido pelo curso<\/strong><\/em><\/p><\/div>\n<p data-start=\"1206\" data-end=\"1533\">Mais do que uma nota, o conceito m&aacute;ximo representa o reconhecimento de uma trajet&oacute;ria constru&iacute;da desde a implanta&ccedil;&atilde;o do curso, em 2023. E talvez por isso a comemora&ccedil;&atilde;o tenha sido t&atilde;o coletiva. Estudantes, docentes e servidores que acompanham o curso diariamente compartilharam a sensa&ccedil;&atilde;o de que aquele 5 pertence a muita gente.<\/p>\n<h2 data-section-id=\"p9fdmf\" data-start=\"1535\" data-end=\"1582\"><span role=\"text\"><strong data-start=\"1538\" data-end=\"1582\">Uma conquista constru&iacute;da por muitas m&atilde;os<\/strong><\/span><\/h2>\n<p data-start=\"1584\" data-end=\"1829\">Entre quem viveu essa hist&oacute;ria desde o come&ccedil;o est&aacute; Vinicius Henrique, egresso da primeira turma. Depois de concluir a gradua&ccedil;&atilde;o, ele voltou ao IFPE Olinda por meio de concurso p&uacute;blico e hoje atua no pr&oacute;prio curso como t&eacute;cnico de laborat&oacute;rio.<\/p>\n<p data-start=\"1831\" data-end=\"2187\">Ao falar sobre a conquista, Vinicius destaca a oportunidade de ter acompanhado o desenvolvimento do curso em dois momentos distintos. &ldquo;Viver a hist&oacute;ria desse curso primeiro como estudante da primeira turma e, hoje, poder contribuir diretamente para o seu crescimento como T&eacute;cnico de Laborat&oacute;rio &eacute; de grande valia e me traz uma satisfa&ccedil;&atilde;o &uacute;nica&rdquo;, conta.<\/p>\n<p data-start=\"2189\" data-end=\"2468\"><img decoding=\"async\" loading=\"lazy\" class=\"lazyload alignleft size-medium wp-image-5512\" alt=\"\" width=\"300\" height=\"225\" srcset=\"\" sizes=\"(max-width: 300px) 100vw, 300px\" data-sizes=\"auto\" data-src=\"https:\/\/portal.ifpe.edu.br\/olinda\/wp-content\/uploads\/sites\/20\/2026\/09\/IMG_0125-300x225.jpg\" data-srcset=\"https:\/\/portal.ifpe.edu.br\/olinda\/wp-content\/uploads\/sites\/20\/2026\/09\/IMG_0125-300x225.jpg 300w, https:\/\/portal.ifpe.edu.br\/olinda\/wp-content\/uploads\/sites\/20\/2026\/09\/IMG_0125-1024x769.jpg 1024w, https:\/\/portal.ifpe.edu.br\/olinda\/wp-content\/uploads\/sites\/20\/2026\/09\/IMG_0125-599x450.jpg 599w, https:\/\/portal.ifpe.edu.br\/olinda\/wp-content\/uploads\/sites\/20\/2026\/09\/IMG_0125.jpg 1216w\">O t&eacute;cnico de laborat&oacute;rio tamb&eacute;m chama aten&ccedil;&atilde;o para o trabalho desenvolvido diariamente por estudantes e docentes. &ldquo;Ver de perto a evolu&ccedil;&atilde;o das nossas produ&ccedil;&otilde;es, o compromisso do corpo docente e a dedica&ccedil;&atilde;o dos estudantes me faz entender o valor real dessa conquista&rdquo;, avalia.<\/p>\n<p data-start=\"2470\" data-end=\"2922\">O sentimento &eacute; compartilhado pela coordena&ccedil;&atilde;o do curso. Para Renata Cadena, a avalia&ccedil;&atilde;o representa uma chancela externa para um projeto pedag&oacute;gico constru&iacute;do para dialogar com as caracter&iacute;sticas da regi&atilde;o e com as transforma&ccedil;&otilde;es do campo da produ&ccedil;&atilde;o multim&iacute;dia. &ldquo;Obter essa nota significa que a gente tem o preparo, tem a estrutura pedag&oacute;gica para conseguir fornecer uma educa&ccedil;&atilde;o padr&atilde;o ouro, da melhor qualidade&rdquo;, afirma a coordenadora.<\/p>\n<p data-start=\"2924\" data-end=\"3237\">Segundo o relat&oacute;rio do MEC, a avalia&ccedil;&atilde;o reconheceu com conceito 5 aspectos como as pol&iacute;ticas institucionais, os objetivos do curso, o perfil profissional do egresso, a estrutura curricular, os conte&uacute;dos curriculares, a metodologia, o apoio ao discente e os processos de acompanhamento e avalia&ccedil;&atilde;o da aprendizagem.<\/p>\n<h2 data-section-id=\"1ovahkq\" data-start=\"3239\" data-end=\"3276\"><span role=\"text\"><strong data-start=\"3242\" data-end=\"3276\">Forma&ccedil;&atilde;o conectada &agrave; realidade<\/strong><\/span><\/h2>\n<p data-start=\"3278\" data-end=\"3584\"><img decoding=\"async\" loading=\"lazy\" class=\"lazyload alignright size-medium wp-image-5510\" alt=\"\" width=\"300\" height=\"200\" srcset=\"\" sizes=\"(max-width: 300px) 100vw, 300px\" data-sizes=\"auto\" data-src=\"https:\/\/portal.ifpe.edu.br\/olinda\/wp-content\/uploads\/sites\/20\/2026\/09\/IMG_4391-1-300x200.jpg\" data-srcset=\"https:\/\/portal.ifpe.edu.br\/olinda\/wp-content\/uploads\/sites\/20\/2026\/09\/IMG_4391-1-300x200.jpg 300w, https:\/\/portal.ifpe.edu.br\/olinda\/wp-content\/uploads\/sites\/20\/2026\/09\/IMG_4391-1-1024x683.jpg 1024w, https:\/\/portal.ifpe.edu.br\/olinda\/wp-content\/uploads\/sites\/20\/2026\/09\/IMG_4391-1-1536x1024.jpg 1536w, https:\/\/portal.ifpe.edu.br\/olinda\/wp-content\/uploads\/sites\/20\/2026\/09\/IMG_4391-1-2048x1365.jpg 2048w, https:\/\/portal.ifpe.edu.br\/olinda\/wp-content\/uploads\/sites\/20\/2026\/09\/IMG_4391-1-675x450.jpg 675w\"><a href=\"https:\/\/portal.ifpe.edu.br\/olinda\/cursos\/superiores\/producao-multimidia\/\">O curso de Tecnologia em Produ&ccedil;&atilde;o Multim&iacute;dia<\/a> foi criado para responder &agrave;s demandas do campo da economia criativa e aos arranjos produtivos da regi&atilde;o. A avalia&ccedil;&atilde;o destacou justamente a coer&ecirc;ncia entre a proposta do curso, as necessidades locais e o perfil profissional esperado para quem conclui a forma&ccedil;&atilde;o.<\/p>\n<p data-start=\"3586\" data-end=\"3923\">A forma&ccedil;&atilde;o combina conhecimentos te&oacute;ricos e experi&ecirc;ncias pr&aacute;ticas em &aacute;reas como <strong data-start=\"3666\" data-end=\"3715\">design digital, audiovisual, anima&ccedil;&atilde;o e jogos<\/strong>, estimulando o desenvolvimento de projetos e a integra&ccedil;&atilde;o entre ensino, pesquisa e extens&atilde;o. O curr&iacute;culo tamb&eacute;m incorpora metodologias ativas, aprendizagem baseada em problemas e projetos interdisciplinares.<\/p>\n<p data-start=\"3925\" data-end=\"4146\">A curriculariza&ccedil;&atilde;o da extens&atilde;o tamb&eacute;m integra a forma&ccedil;&atilde;o. O curso possui <strong data-start=\"3998\" data-end=\"4023\">180 horas de extens&atilde;o<\/strong>, correspondentes a pelo menos 10% da carga hor&aacute;ria total, aproximando a forma&ccedil;&atilde;o acad&ecirc;mica de demandas reais da sociedade.<\/p>\n<h2 data-section-id=\"1h1cwfn\" data-start=\"4148\" data-end=\"4193\"><span role=\"text\"><strong data-start=\"4151\" data-end=\"4193\">Uma conquista que aponta para o futuro<\/strong><\/span><\/h2>\n<p data-start=\"4195\" data-end=\"4502\">A nota m&aacute;xima chega em um contexto que torna a conquista ainda mais simb&oacute;lica. O curso funciona atualmente na sede provis&oacute;ria do Campus Olinda, onde a avalia&ccedil;&atilde;o reconheceu condi&ccedil;&otilde;es adequadas para o desenvolvimento das atividades acad&ecirc;micas, mas tamb&eacute;m identificou pontos que ainda precisam ser aprimorados.<\/p>\n<p data-start=\"4504\" data-end=\"4792\">Entre os aspectos reconhecidos, o relat&oacute;rio destaca os equipamentos, softwares, manuten&ccedil;&atilde;o, apoio t&eacute;cnico e condi&ccedil;&otilde;es dos laborat&oacute;rios utilizados pelo curso. Ao mesmo tempo, aponta oportunidades de melhoria relacionadas aos espa&ccedil;os de trabalho docente e &agrave; acessibilidade f&iacute;sica do pr&eacute;dio.<\/p>\n<p data-start=\"4794\" data-end=\"5107\"><img decoding=\"async\" loading=\"lazy\" class=\"lazyload alignright size-large wp-image-5514\" alt=\"\" width=\"680\" height=\"454\" srcset=\"\" sizes=\"(max-width: 680px) 100vw, 680px\" data-sizes=\"auto\" data-src=\"https:\/\/portal.ifpe.edu.br\/olinda\/wp-content\/uploads\/sites\/20\/2026\/09\/IMG_9870-1024x683.jpg\" data-srcset=\"https:\/\/portal.ifpe.edu.br\/olinda\/wp-content\/uploads\/sites\/20\/2026\/09\/IMG_9870-1024x683.jpg 1024w, https:\/\/portal.ifpe.edu.br\/olinda\/wp-content\/uploads\/sites\/20\/2026\/09\/IMG_9870-300x200.jpg 300w, https:\/\/portal.ifpe.edu.br\/olinda\/wp-content\/uploads\/sites\/20\/2026\/09\/IMG_9870-675x450.jpg 675w, https:\/\/portal.ifpe.edu.br\/olinda\/wp-content\/uploads\/sites\/20\/2026\/09\/IMG_9870.jpg 1470w\">Para a diretora-geral do IFPE Olinda, Luciana Tavares, o resultado ganha for&ccedil;a justamente por revelar o compromisso da comunidade acad&ecirc;mica mesmo diante das condi&ccedil;&otilde;es atuais. &ldquo;&Eacute; importante falar tamb&eacute;m de como a gente fica feliz em ver o trabalho reconhecido, trabalho que &eacute; fruto de todo mundo&rdquo;, reflete.<\/p>\n<p data-start=\"5109\" data-end=\"5408\">A diretora tamb&eacute;m chama aten&ccedil;&atilde;o para a import&acirc;ncia da oferta de uma gradua&ccedil;&atilde;o p&uacute;blica e gratuita na &aacute;rea de produ&ccedil;&atilde;o multim&iacute;dia. &ldquo;A gente tem um curso superior de uma institui&ccedil;&atilde;o p&uacute;blica federal aqui no munic&iacute;pio, que &eacute; um curso gratuito, que assegura uma qualidade para a comunidade&rdquo;, ressalta.<\/p>\n<p data-start=\"5109\" data-end=\"5408\">De acordo com a pr&oacute;-reitora de Ensino do IFPE, Magad&atilde; Lira, o conceito 5 reflete a qualidade do curso e do trabalho realizado, reverberando o compromisso da Institui&ccedil;&atilde;o com a qualidade da forma&ccedil;&atilde;o ofertada &agrave; sociedade. &Eacute; o reflexo de uma educa&ccedil;&atilde;o p&uacute;blica de qualidade como resultado de um trabalho coletivo de dedica&ccedil;&atilde;o que envolve a coordena&ccedil;&atilde;o do curso, os servidores e a gest&atilde;o do Campus Olinda, em articula&ccedil;&atilde;o com a Reitoria. Al&eacute;m de reconhecer esse esfor&ccedil;o, a avalia&ccedil;&atilde;o tamb&eacute;m nos oferece importantes elementos para um olhar atento aos aspectos que possam contribuir na melhoria cont&iacute;nua do curso&rdquo;, destaca a gestora<\/p>\n<p class=\"\" data-start=\"5410\" data-end=\"5702\">O relat&oacute;rio de avalia&ccedil;&atilde;o confirma que o curso possui infraestrutura tecnol&oacute;gica e laboratorial considerada adequada &agrave;s atividades formativas, al&eacute;m de recursos e equipamentos espec&iacute;ficos para &aacute;reas como produ&ccedil;&atilde;o audiovisual, design digital, anima&ccedil;&atilde;o, modelagem tridimensional e jogos digitais.<\/p>\n<p data-start=\"5704\" data-end=\"5935\">A avalia&ccedil;&atilde;o registra ainda 16 docentes, sendo sete doutores, e nove mestres, al&eacute;m de 97 estudantes matriculados no per&iacute;odo da avalia&ccedil;&atilde;o. O curso oferta 36 vagas anuais e possui dura&ccedil;&atilde;o m&iacute;nima de cinco semestres.<\/p>\n<p data-start=\"5937\" data-end=\"6216\">Para Renata, o reconhecimento tamb&eacute;m refor&ccedil;a a capacidade do curso de acompanhar as transforma&ccedil;&otilde;es do setor e dialogar com o contexto regional. &ldquo;O curso pensa e envolve os arranjos produtivos do estado, novas tecnologias e lacunas de forma&ccedil;&atilde;o t&eacute;cnica e tecnol&oacute;gica&rdquo;, observa.<\/p>\n<p data-start=\"6218\" data-end=\"6631\">A perspectiva de um novo momento para o curso est&aacute; relacionada tamb&eacute;m &agrave; futura sede definitiva do Campus Olinda. Para Luciana, a conquista ganha um significado especial por ter sido alcan&ccedil;ada ainda durante o funcionamento em uma estrutura provis&oacute;ria. &ldquo;A gente fica feliz em ver o trabalho reconhecido, mesmo estando ainda em uma sede provis&oacute;ria, j&aacute; com vistas &agrave; inaugura&ccedil;&atilde;o do Campus no pr&oacute;ximo ano&rdquo;, projeta.<\/p>\n<p data-start=\"6633\" data-end=\"6917\">Enquanto a nova sede n&atilde;o chega, a pizza desta ter&ccedil;a-feira marcou o que j&aacute; foi conquistado. Uma celebra&ccedil;&atilde;o simples para um resultado grande: na primeira avalia&ccedil;&atilde;o de reconhecimento, o curso superior de Tecnologia em Produ&ccedil;&atilde;o Multim&iacute;dia do IFPE Olinda alcan&ccedil;ou a nota m&aacute;xima do MEC.<\/p>\n<p data-start=\"6919\" data-end=\"7147\">O 5 registra uma conquista, mas tamb&eacute;m revela algo maior: a for&ccedil;a de uma comunidade que, mesmo construindo sua trajet&oacute;ria em uma sede provis&oacute;ria, conseguiu transformar trabalho, dedica&ccedil;&atilde;o e compromisso em excel&ecirc;ncia reconhecida.<\/p>\n<p data-start=\"7149\" data-end=\"7190\" data-is-last-node=\"\" data-is-only-node=\"\">E essa hist&oacute;ria ainda est&aacute; come&ccedil;ando.<\/p>\n\n\n    <ul class=\"crunchify-social\">\n        <li class=\"crunchify-social__item crunchify-social__item--first\"><span class=\"sr-only\">Compartilhar conte&uacute;do:<\/span><\/li>\n        <li class=\"crunchify-social__item\">\n            <a class=\"btn crunchify-social__link crunchify-social__link_facebook\" href=\"https:\/\/www.facebook.com\/sharer\/sharer.php?u=https%3A%2F%2Fportal.ifpe.edu.br%2Folinda%2Fnoticias%2Fcurso-de-producao-multimidia-do-ifpe-olinda-recebe-conceito-maximo-em-avaliacao-do-mec%2F\" target=\"_blank\" data-toggle=\"tooltip\" data-placement=\"bottom\" title=\"Compartilhe no Facebook\">\n                <svg aria-hidden=\"true\" role=\"img\" width=\"16\" height=\"16\" viewBox=\"0 0 24 24\" xmlns=\"http:\/\/www.w3.org\/2000\/svg\"><path d=\"M22.676 0H1.324C.593 0 0 .593 0 1.324v21.352C0 23.408.593 24 1.324 24h11.494v-9.294H9.689v-3.621h3.129V8.41c0-3.099 1.894-4.785 4.659-4.785 1.325 0 2.464.097 2.796.141v3.24h-1.921c-1.5 0-1.792.721-1.792 1.771v2.311h3.584l-.465 3.63H16.56V24h6.115c.733 0 1.325-.592 1.325-1.324V1.324C24 .593 23.408 0 22.676 0\"\/><\/svg>\n                <span class=\"sr-only\">Facebook<\/span>\n            <\/a>\n        <\/li>\n        <li class=\"crunchify-social__item\">\n            <a class=\"btn crunchify-social__link crunchify-social__link_twitter\" href=\"https:\/\/twitter.com\/intent\/tweet?text=Curso%20de%20Produ\u00e7\u00e3o%20Multim\u00eddia%20do%20IFPE%20Olinda%20recebe%20conceito%20m\u00e1ximo%20em%20avalia\u00e7\u00e3o%20do%20MEC&amp;url=https%3A%2F%2Fportal.ifpe.edu.br%2Folinda%2Fnoticias%2Fcurso-de-producao-multimidia-do-ifpe-olinda-recebe-conceito-maximo-em-avaliacao-do-mec%2F\" target=\"_blank\" data-toggle=\"tooltip\" data-placement=\"bottom\" title=\"Compartilhe no Twitter\">\n                <svg aria-hidden=\"true\" role=\"img\" width=\"16\" height=\"16\" viewBox=\"0 0 24 24\" xmlns=\"http:\/\/www.w3.org\/2000\/svg\"><path d=\"M23.954 4.569c-.885.389-1.83.654-2.825.775 1.014-.611 1.794-1.574 2.163-2.723-.951.555-2.005.959-3.127 1.184-.896-.959-2.173-1.559-3.591-1.559-2.717 0-4.92 2.203-4.92 4.917 0 .39.045.765.127 1.124C7.691 8.094 4.066 6.13 1.64 3.161c-.427.722-.666 1.561-.666 2.475 0 1.71.87 3.213 2.188 4.096-.807-.026-1.566-.248-2.228-.616v.061c0 2.385 1.693 4.374 3.946 4.827-.413.111-.849.171-1.296.171-.314 0-.615-.03-.916-.086.631 1.953 2.445 3.377 4.604 3.417-1.68 1.319-3.809 2.105-6.102 2.105-.39 0-.779-.023-1.17-.067 2.189 1.394 4.768 2.209 7.557 2.209 9.054 0 13.999-7.496 13.999-13.986 0-.209 0-.42-.015-.63.961-.689 1.8-1.56 2.46-2.548l-.047-.02z\"\/><\/svg>\n                <span class=\"sr-only\">Twitter<\/span>\n            <\/a>\n        <\/li>\n        <li class=\"crunchify-social__item\">\n            <a class=\"btn crunchify-social__link crunchify-social__link_linkedin\" href=\"https:\/\/www.linkedin.com\/shareArticle?mini=true&url=https%3A%2F%2Fportal.ifpe.edu.br%2Folinda%2Fnoticias%2Fcurso-de-producao-multimidia-do-ifpe-olinda-recebe-conceito-maximo-em-avaliacao-do-mec%2F&amp;title=Curso%20de%20Produ\u00e7\u00e3o%20Multim\u00eddia%20do%20IFPE%20Olinda%20recebe%20conceito%20m\u00e1ximo%20em%20avalia\u00e7\u00e3o%20do%20MEC\" target=\"_blank\" data-toggle=\"tooltip\" data-placement=\"bottom\" title=\"Compartilhe no Linkedin\">\n                <svg aria-hidden=\"true\" role=\"img\" width=\"16\" height=\"16\" viewBox=\"0 0 24 24\" xmlns=\"http:\/\/www.w3.org\/2000\/svg\"><path d=\"M20.447 20.452h-3.554v-5.569c0-1.328-.027-3.037-1.852-3.037-1.853 0-2.136 1.445-2.136 2.939v5.667H9.351V9h3.414v1.561h.046c.477-.9 1.637-1.85 3.37-1.85 3.601 0 4.267 2.37 4.267 5.455v6.286zM5.337 7.433c-1.144 0-2.063-.926-2.063-2.065 0-1.138.92-2.063 2.063-2.063 1.14 0 2.064.925 2.064 2.063 0 1.139-.925 2.065-2.064 2.065zm1.782 13.019H3.555V9h3.564v11.452zM22.225 0H1.771C.792 0 0 .774 0 1.729v20.542C0 23.227.792 24 1.771 24h20.451C23.2 24 24 23.227 24 22.271V1.729C24 .774 23.2 0 22.222 0h.003z\"\/><\/svg>\n                <span class=\"sr-only\">LinkedIn<\/span>\n            <\/a>\n        <\/li>\n        <li class=\"crunchify-social__item\">\n            <a class=\"btn crunchify-social__link crunchify-social__link_pinterest\" href=\"https:\/\/pinterest.com\/pin\/create\/button\/?url=https%3A%2F%2Fportal.ifpe.edu.br%2Folinda%2Fnoticias%2Fcurso-de-producao-multimidia-do-ifpe-olinda-recebe-conceito-maximo-em-avaliacao-do-mec%2F&amp;media=https:\/\/portal.ifpe.edu.br\/olinda\/wp-content\/uploads\/sites\/20\/2026\/09\/Copia-de-Nota-5-Producao-Multimidia-site-1.png&amp;description=Curso%20de%20Produ\u00e7\u00e3o%20Multim\u00eddia%20do%20IFPE%20Olinda%20recebe%20conceito%20m\u00e1ximo%20em%20avalia\u00e7\u00e3o%20do%20MEC\" data-pin-custom=\"true\" target=\"_blank\" data-toggle=\"tooltip\" data-placement=\"bottom\" title=\"Compartilhe no Pinterest\">\n                <svg aria-hidden=\"true\" role=\"img\" width=\"16\" height=\"16\" viewBox=\"0 0 24 24\" xmlns=\"http:\/\/www.w3.org\/2000\/svg\"><path d=\"M12.017 0C5.396 0 .029 5.367.029 11.987c0 5.079 3.158 9.417 7.618 11.162-.105-.949-.199-2.403.041-3.439.219-.937 1.406-5.957 1.406-5.957s-.359-.72-.359-1.781c0-1.663.967-2.911 2.168-2.911 1.024 0 1.518.769 1.518 1.688 0 1.029-.653 2.567-.992 3.992-.285 1.193.6 2.165 1.775 2.165 2.128 0 3.768-2.245 3.768-5.487 0-2.861-2.063-4.869-5.008-4.869-3.41 0-5.409 2.562-5.409 5.199 0 1.033.394 2.143.889 2.741.099.12.112.225.085.345-.09.375-.293 1.199-.334 1.363-.053.225-.172.271-.401.165-1.495-.69-2.433-2.878-2.433-4.646 0-3.776 2.748-7.252 7.92-7.252 4.158 0 7.392 2.967 7.392 6.923 0 4.135-2.607 7.462-6.233 7.462-1.214 0-2.354-.629-2.758-1.379l-.749 2.848c-.269 1.045-1.004 2.352-1.498 3.146 1.123.345 2.306.535 3.55.535 6.607 0 11.985-5.365 11.985-11.987C23.97 5.39 18.592.026 11.985.026L12.017 0z\"\/><\/svg>\n                <span class=\"sr-only\">Pinterest<\/span>\n            <\/a>\n        <\/li>\n        <li class=\"crunchify-social__item\">\n            <a class=\"btn crunchify-social__link crunchify-social__link_whatsapp\" href=\"whatsapp:\/\/send?text=Curso%20de%20Produ\u00e7\u00e3o%20Multim\u00eddia%20do%20IFPE%20Olinda%20recebe%20conceito%20m\u00e1ximo%20em%20avalia\u00e7\u00e3o%20do%20MEC https%3A%2F%2Fportal.ifpe.edu.br%2Folinda%2Fnoticias%2Fcurso-de-producao-multimidia-do-ifpe-olinda-recebe-conceito-maximo-em-avaliacao-do-mec%2F\" target=\"_blank\" data-toggle=\"tooltip\" data-placement=\"bottom\" title=\"Compartilhe no WhatsApp\">\n                <svg aria-hidden=\"true\" role=\"img\" width=\"16\" height=\"16\" viewBox=\"0 0 24 24\" xmlns=\"http:\/\/www.w3.org\/2000\/svg\"><path d=\"M17.498 14.382c-.301-.15-1.767-.867-2.04-.966-.273-.101-.473-.15-.673.15-.197.295-.771.964-.944 1.162-.175.195-.349.21-.646.075-.3-.15-1.263-.465-2.403-1.485-.888-.795-1.484-1.77-1.66-2.07-.174-.3-.019-.465.13-.615.136-.135.301-.345.451-.523.146-.181.194-.301.297-.496.1-.21.049-.375-.025-.524-.075-.15-.672-1.62-.922-2.206-.24-.584-.487-.51-.672-.51-.172-.015-.371-.015-.571-.015-.2 0-.523.074-.797.359-.273.3-1.045 1.02-1.045 2.475s1.07 2.865 1.219 3.075c.149.195 2.105 3.195 5.1 4.485.714.3 1.27.48 1.704.629.714.227 1.365.195 1.88.121.574-.091 1.767-.721 2.016-1.426.255-.705.255-1.29.18-1.425-.074-.135-.27-.21-.57-.345m-5.446 7.443h-.016c-1.77 0-3.524-.48-5.055-1.38l-.36-.214-3.75.975 1.005-3.645-.239-.375c-.99-1.576-1.516-3.391-1.516-5.26 0-5.445 4.455-9.885 9.942-9.885 2.654 0 5.145 1.035 7.021 2.91 1.875 1.859 2.909 4.35 2.909 6.99-.004 5.444-4.46 9.885-9.935 9.885M20.52 3.449C18.24 1.245 15.24 0 12.045 0 5.463 0 .104 5.334.101 11.893c0 2.096.549 4.14 1.595 5.945L0 24l6.335-1.652c1.746.943 3.71 1.444 5.71 1.447h.006c6.585 0 11.946-5.336 11.949-11.896 0-3.176-1.24-6.165-3.495-8.411\"\/><\/svg>\n                <span class=\"sr-only\">WhatsApp<\/span>\n            <\/a>\n        <\/li>\n    <\/ul>\n","protected":false},"excerpt":{"rendered":"<p>Primeira avalia\u00e7\u00e3o de reconhecimento do curso atribui nota 5; resultado celebra trajet\u00f3ria constru\u00edda por estudantes, docentes e servidores em uma sede provis\u00f3ria<\/p>\n","protected":false},"author":26,"featured_media":5508,"comment_status":"closed","ping_status":"closed","sticky":false,"template":"","format":"standard","meta":[],"categories":[1],"tags":[505,798,94,513,799],"_links":{"self":[{"href":"https:\/\/portal.ifpe.edu.br\/olinda\/wp-json\/wp\/v2\/posts\/5506"}],"collection":[{"href":"https:\/\/portal.ifpe.edu.br\/olinda\/wp-json\/wp\/v2\/posts"}],"about":[{"href":"https:\/\/portal.ifpe.edu.br\/olinda\/wp-json\/wp\/v2\/types\/post"}],"author":[{"embeddable":true,"href":"https:\/\/portal.ifpe.edu.br\/olinda\/wp-json\/wp\/v2\/users\/26"}],"replies":[{"embeddable":true,"href":"https:\/\/portal.ifpe.edu.br\/olinda\/wp-json\/wp\/v2\/comments?post=5506"}],"version-history":[{"count":10,"href":"https:\/\/portal.ifpe.edu.br\/olinda\/wp-json\/wp\/v2\/posts\/5506\/revisions"}],"predecessor-version":[{"id":5521,"href":"https:\/\/portal.ifpe.edu.br\/olinda\/wp-json\/wp\/v2\/posts\/5506\/revisions\/5521"}],"wp:featuredmedia":[{"embeddable":true,"href":"https:\/\/portal.ifpe.edu.br\/olinda\/wp-json\/wp\/v2\/media\/5508"}],"wp:attachment":[{"href":"https:\/\/portal.ifpe.edu.br\/olinda\/wp-json\/wp\/v2\/media?parent=5506"}],"wp:term":[{"taxonomy":"category","embeddable":true,"href":"https:\/\/portal.ifpe.edu.br\/olinda\/wp-json\/wp\/v2\/categories?post=5506"},{"taxonomy":"post_tag","embeddable":true,"href":"https:\/\/portal.ifpe.edu.br\/olinda\/wp-json\/wp\/v2\/tags?post=5506"}],"curies":[{"name":"wp","href":"https:\/\/api.w.org\/{rel}","templated":true}]}}