{"id":14937,"date":"2026-04-28T15:54:35","date_gmt":"2026-04-28T18:54:35","guid":{"rendered":"https:\/\/portal.ifpe.edu.br\/recife\/?p=14937"},"modified":"2026-04-28T16:26:00","modified_gmt":"2026-04-28T19:26:00","slug":"ifpe-recife-recebe-o-15o-seminario-internacional-de-qualidade-do-ar-interior-e-a-x-expoqualindoor","status":"publish","type":"post","link":"https:\/\/portal.ifpe.edu.br\/recife\/noticias\/ifpe-recife-recebe-o-15o-seminario-internacional-de-qualidade-do-ar-interior-e-a-x-expoqualindoor\/","title":{"rendered":"IFPE Recife recebe o 15\u00ba Semin\u00e1rio Internacional de Qualidade do Ar Interior e a X ExpoQualindoor"},"content":{"rendered":"\n<p>A qualidade do ar em ambientes internos tem se tornado um tema cada vez mais relevante nas discuss&otilde;es sobre sa&uacute;de, bem-estar e desempenho em espa&ccedil;os coletivos. Ambientes como escolas, hospitais, escrit&oacute;rios e locais de grande circula&ccedil;&atilde;o dependem de sistemas adequados de ventila&ccedil;&atilde;o, filtragem e climatiza&ccedil;&atilde;o para garantir condi&ccedil;&otilde;es seguras aos usu&aacute;rios. No entanto, falhas de projeto, manuten&ccedil;&atilde;o inadequada e a aus&ecirc;ncia de monitoramento ainda representam desafios importantes para o controle da qualidade do ar nesses espa&ccedil;os.<\/p>\n<p>Com o objetivo de ampliar o debate t&eacute;cnico e apresentar solu&ccedil;&otilde;es para esses desafios, Pernambuco sediar&aacute;, nos dias 06 e 07 de maio de 2026, o 15&ordm; Semin&aacute;rio Internacional de Qualidade do Ar Interior e a X ExpoQualindoor. Os eventos ser&atilde;o realizados no campus Recife do Instituto Federal de Pernambuco (IFPE) e s&atilde;o promovidos pelo Qualindoor &ndash; Departamento Nacional de Qualidade do Ar Interno da Associa&ccedil;&atilde;o Brasileira de Refrigera&ccedil;&atilde;o, Ar Condicionado, Ventila&ccedil;&atilde;o e Aquecimento (ABRAVA), em parceria com o Chapter Brasil da ASHRAE (American Society of Heating, Refrigerating and Air-Conditioning Engineers), a ASBRAV (Associa&ccedil;&atilde;o Sul Brasileira de Refrigera&ccedil;&atilde;o, Ar condicionado , Aquecimento e Ventila&ccedil;&atilde;o)&nbsp; e o IFPE.<\/p>\n<p>A edi&ccedil;&atilde;o deste ano ter&aacute; como tema &ldquo;Qualidade do Ar Interior nos ambientes de ensino e de alta densidade de pessoas&rdquo;, abordando aspectos t&eacute;cnicos, cient&iacute;ficos e pr&aacute;ticos relacionados &agrave; gest&atilde;o da qualidade do ar em ambientes fechados.&nbsp;H&aacute; algumas edi&ccedil;&otilde;es, os dois eventos acontecem de forma complementar e na mesma data, e&nbsp; a cada ano re&uacute;nem profissionais que atuam com o tema em todo pa&iacute;s. A expectativa da organiza&ccedil;&atilde;o &eacute; reunir um p&uacute;blico diversificado, formado por engenheiros, arquitetos, gestores prediais, profissionais da &aacute;rea de sa&uacute;de, t&eacute;cnicos, pesquisadores, estudantes e representantes da ind&uacute;stria, interessados em atualiza&ccedil;&atilde;o t&eacute;cnica, networking e nas novas solu&ccedil;&otilde;es voltadas &agrave; qualidade do ar interior.<\/p>\n<p>&ldquo;O Semin&aacute;rio e o Expo j&aacute; s&atilde;o eventos tradicionais no mercado, n&atilde;o s&oacute; pela quantidade de edi&ccedil;&otilde;es j&aacute; realizadas, mas pela qualidade do conte&uacute;do e dos palestrantes. &Eacute; uma oportunidade &uacute;nica para o mercado do Nordeste acompanhar as novidades em termos de pesquisa, estudos de caso e novas tecnologia, apresentados pelos palestrantes&rdquo; destaca Rafael Munhoz, presidente do Qualindoor.<\/p>\n<p>Para Kamila Queiroz, que &eacute; a coordenadora do curso t&eacute;cnico de Refrigera&ccedil;&atilde;o e Climatiza&ccedil;&atilde;o do IFPE Recife, a import&acirc;ncia da realiza&ccedil;&atilde;o dos eventos vai muito al&eacute;m de sedi&aacute;-los.&nbsp; &ldquo;Participar da organiza&ccedil;&atilde;o e trazer essa iniciativa para dentro da institui&ccedil;&atilde;o &eacute; colocar o IFPE no centro de uma discuss&atilde;o atual e alinhada &agrave;s demandas reais da sociedade&rdquo;, avalia.<\/p>\n<p>&ldquo;Ao sediar esses eventos, conseguimos aproximar estudantes, professores e profissionais do mercado das discuss&otilde;es mais relevantes sobre qualidade do ar, sa&uacute;de e desempenho em ambientes climatizados. Isso faz muita diferen&ccedil;a na forma&ccedil;&atilde;o, porque conecta o que &eacute; trabalhado em sala com o que realmente est&aacute; acontecendo no mundo. E esse movimento ganha ainda mais import&acirc;ncia diante do contexto atual de aumento das doen&ccedil;as respirat&oacute;rias e da crescente preocupa&ccedil;&atilde;o com a qualidade do ar em ambientes fechados. N&atilde;o se trata apenas de um tema t&eacute;cnico, mas de uma quest&atilde;o de sa&uacute;de p&uacute;blica. Por isso, discutir essas solu&ccedil;&otilde;es dentro de uma institui&ccedil;&atilde;o p&uacute;blica como o IFPE &eacute;, na pr&aacute;tica, contribuir para formar profissionais mais preparados e para melhorar a qualidade de vida da popula&ccedil;&atilde;o&rdquo;, destaca Kamila.<\/p>\n<p><strong><br>\n15&ordm; Semin&aacute;rio Internacional de Qualidade do Ar Interior<\/strong><\/p>\n<p>A programa&ccedil;&atilde;o do semin&aacute;rio contar&aacute; com a participa&ccedil;&atilde;o de especialistas nacionais e internacionais que ir&atilde;o discutir os impactos da qualidade do ar interior na sa&uacute;de, no conforto ambiental e no desempenho cognitivo em espa&ccedil;os educacionais.<\/p>\n<p>Entre os destaques est&aacute; a palestra de Brian Monk, da ASHRAE, que abordar&aacute; a rela&ccedil;&atilde;o entre qualidade do ambiente interior e funcionamento cognitivo em instala&ccedil;&otilde;es educacionais. &nbsp;O professor Ant&ocirc;nio Mariani, do respons&aacute;vel pelo LEQAI &ndash; Laborat&oacute;rio de Estudos da Qualidade do Ar de Interiores&nbsp;da USP &ndash; Universidade de S&atilde;o Paulo , destacar&aacute; em sua palestra solu&ccedil;&otilde;es de tratamento de ar para ambientes de ensino e salas de aula.<\/p>\n<p>A import&acirc;ncia do monitoramento da qualidade do ar em ambientes de alta densidade de pessoas, tamb&eacute;m estar&aacute; em pauta na palestra de Arthur Aikawa, presidente da BRASINDOOR, que discutir&aacute; estrat&eacute;gias e tecnologias para controle e acompanhamento dos par&acirc;metros ambientais em espa&ccedil;os coletivos.<\/p>\n<p>A programa&ccedil;&atilde;o inclui ainda estudos de caso e apresenta&ccedil;&otilde;es t&eacute;cnicas, como a simula&ccedil;&atilde;o de demanda por renova&ccedil;&atilde;o de ar em ambientes de atendimento, com base em estudo realizado em uma ag&ecirc;ncia banc&aacute;ria, apresentado por Cassiano dos Reis Mello, da Caixa Econ&ocirc;mica Federal. A qualidade do ar em aeronaves ser&aacute; o tema abordado por Sandro Tavares, da Embraer.<\/p>\n<p>Tamb&eacute;m ser&atilde;o debatidas abordagens inovadoras para melhoria da qualidade do ar interior, incluindo pr&aacute;ticas voltadas &agrave; redu&ccedil;&atilde;o ou inativa&ccedil;&atilde;o de biocontaminantes e seus benef&iacute;cios clim&aacute;ticos, tema que ser&aacute; apresentado pelo Eng. Francisco Dantas, da Interplan, renomado especialista atuante na regi&atilde;o nordeste.<\/p>\n<p><strong><br>\nTecnologias e solu&ccedil;&otilde;es na X ExpoQualindoor<\/strong><\/p>\n<p>No segundo dia de atividades, a X ExpoQualindoor reunir&aacute; empresas e profissionais da ind&uacute;stria para apresenta&ccedil;&atilde;o de tecnologias e solu&ccedil;&otilde;es voltadas &agrave; melhoria da qualidade do ar em ambientes internos.<\/p>\n<p>Entre os palestrantes internacionais confirmados est&aacute; Marwa Zaatari, tamb&eacute;m da ASHRAE, que abordar&aacute; o tema &ldquo;Otimiza&ccedil;&atilde;o da Efici&ecirc;ncia Energ&eacute;tica e Qualidade do Ar Interno utilizando o Procedimento de QAI da ASHRAE 62.1&rdquo;.<\/p>\n<p>A programa&ccedil;&atilde;o inclui diversas palestras que ser&atilde;o ministradas por especialistas do setor AVACR acerca da tem&aacute;tica qualidade do ar interno, focadas em novas tecnologias, performance energ&eacute;tica, conforto t&eacute;rmico e dissemina&ccedil;&atilde;o de informa&ccedil;&otilde;es acerca do tema central do evento.<\/p>\n<p><strong>Projetos e iniciativas do setor<\/strong><\/p>\n<p>Os eventos tamb&eacute;m destacar&atilde;o iniciativas voltadas &agrave; promo&ccedil;&atilde;o de ambientes internos mais saud&aacute;veis, como o Selo ABRAVA\/BRASINDOOR de Qualidade do Ar Interior, al&eacute;m de projetos como o PNQAI &ndash; Plano Nacional de Qualidade do Ar Interno e o Projeto Oxigenius, que buscam incentivar boas pr&aacute;ticas de monitoramento e gest&atilde;o da qualidade do ar em edif&iacute;cios.<\/p>\n<p>O evento &eacute; apoiado por entidades parceiras e &oacute;rg&atilde;os locais, e patrocinado por diversas empresas dos setores representados. A programa&ccedil;&atilde;o completa pode ser conferida na agenda do site da ABRAVA 15&ordm; Semin&aacute;rio Internacional de Qualidade do Ar Interior e X Expoqualindoor &ndash; ABRAVA. <strong>Para se inscrever, <a href=\"https:\/\/abrava.com.br\/compromissos\/15o-seminario-internacional-de-qualidade-do-ar-interior-e-x-expoqualindoor\/\" target=\"_blank\" rel=\"noopener\">clique aqui<\/a><\/strong>.<\/p>\n<p><span style=\"font-size: 10pt\"><strong><br>\n*Com informa&ccedil;&otilde;es da assessoria de Comunica&ccedil;&atilde;o da ABRAVA<\/strong><\/span><\/p>\n\n\n    <ul class=\"crunchify-social\">\n        <li class=\"crunchify-social__item crunchify-social__item--first\"><span class=\"sr-only\">Compartilhar conte&uacute;do:<\/span><\/li>\n        <li class=\"crunchify-social__item\">\n            <a class=\"btn crunchify-social__link crunchify-social__link_facebook\" href=\"https:\/\/www.facebook.com\/sharer\/sharer.php?u=https%3A%2F%2Fportal.ifpe.edu.br%2Frecife%2Fnoticias%2Fifpe-recife-recebe-o-15o-seminario-internacional-de-qualidade-do-ar-interior-e-a-x-expoqualindoor%2F\" target=\"_blank\" data-toggle=\"tooltip\" data-placement=\"bottom\" title=\"Compartilhe no Facebook\">\n                <svg aria-hidden=\"true\" role=\"img\" width=\"16\" height=\"16\" viewBox=\"0 0 24 24\" xmlns=\"http:\/\/www.w3.org\/2000\/svg\"><path d=\"M22.676 0H1.324C.593 0 0 .593 0 1.324v21.352C0 23.408.593 24 1.324 24h11.494v-9.294H9.689v-3.621h3.129V8.41c0-3.099 1.894-4.785 4.659-4.785 1.325 0 2.464.097 2.796.141v3.24h-1.921c-1.5 0-1.792.721-1.792 1.771v2.311h3.584l-.465 3.63H16.56V24h6.115c.733 0 1.325-.592 1.325-1.324V1.324C24 .593 23.408 0 22.676 0\"\/><\/svg>\n                <span class=\"sr-only\">Facebook<\/span>\n            <\/a>\n        <\/li>\n        <li class=\"crunchify-social__item\">\n            <a class=\"btn crunchify-social__link crunchify-social__link_twitter\" href=\"https:\/\/twitter.com\/intent\/tweet?text=IFPE%20Recife%20recebe%20o%2015\u00ba%20Semin\u00e1rio%20Internacional%20de%20Qualidade%20do%20Ar%20Interior%20e%20a%20X%20ExpoQualindoor&amp;url=https%3A%2F%2Fportal.ifpe.edu.br%2Frecife%2Fnoticias%2Fifpe-recife-recebe-o-15o-seminario-internacional-de-qualidade-do-ar-interior-e-a-x-expoqualindoor%2F\" target=\"_blank\" data-toggle=\"tooltip\" data-placement=\"bottom\" title=\"Compartilhe no Twitter\">\n                <svg aria-hidden=\"true\" role=\"img\" width=\"16\" height=\"16\" viewBox=\"0 0 24 24\" xmlns=\"http:\/\/www.w3.org\/2000\/svg\"><path d=\"M23.954 4.569c-.885.389-1.83.654-2.825.775 1.014-.611 1.794-1.574 2.163-2.723-.951.555-2.005.959-3.127 1.184-.896-.959-2.173-1.559-3.591-1.559-2.717 0-4.92 2.203-4.92 4.917 0 .39.045.765.127 1.124C7.691 8.094 4.066 6.13 1.64 3.161c-.427.722-.666 1.561-.666 2.475 0 1.71.87 3.213 2.188 4.096-.807-.026-1.566-.248-2.228-.616v.061c0 2.385 1.693 4.374 3.946 4.827-.413.111-.849.171-1.296.171-.314 0-.615-.03-.916-.086.631 1.953 2.445 3.377 4.604 3.417-1.68 1.319-3.809 2.105-6.102 2.105-.39 0-.779-.023-1.17-.067 2.189 1.394 4.768 2.209 7.557 2.209 9.054 0 13.999-7.496 13.999-13.986 0-.209 0-.42-.015-.63.961-.689 1.8-1.56 2.46-2.548l-.047-.02z\"\/><\/svg>\n                <span class=\"sr-only\">Twitter<\/span>\n            <\/a>\n        <\/li>\n        <li class=\"crunchify-social__item\">\n            <a class=\"btn crunchify-social__link crunchify-social__link_linkedin\" href=\"https:\/\/www.linkedin.com\/shareArticle?mini=true&url=https%3A%2F%2Fportal.ifpe.edu.br%2Frecife%2Fnoticias%2Fifpe-recife-recebe-o-15o-seminario-internacional-de-qualidade-do-ar-interior-e-a-x-expoqualindoor%2F&amp;title=IFPE%20Recife%20recebe%20o%2015\u00ba%20Semin\u00e1rio%20Internacional%20de%20Qualidade%20do%20Ar%20Interior%20e%20a%20X%20ExpoQualindoor\" target=\"_blank\" data-toggle=\"tooltip\" data-placement=\"bottom\" title=\"Compartilhe no Linkedin\">\n                <svg aria-hidden=\"true\" role=\"img\" width=\"16\" height=\"16\" viewBox=\"0 0 24 24\" xmlns=\"http:\/\/www.w3.org\/2000\/svg\"><path d=\"M20.447 20.452h-3.554v-5.569c0-1.328-.027-3.037-1.852-3.037-1.853 0-2.136 1.445-2.136 2.939v5.667H9.351V9h3.414v1.561h.046c.477-.9 1.637-1.85 3.37-1.85 3.601 0 4.267 2.37 4.267 5.455v6.286zM5.337 7.433c-1.144 0-2.063-.926-2.063-2.065 0-1.138.92-2.063 2.063-2.063 1.14 0 2.064.925 2.064 2.063 0 1.139-.925 2.065-2.064 2.065zm1.782 13.019H3.555V9h3.564v11.452zM22.225 0H1.771C.792 0 0 .774 0 1.729v20.542C0 23.227.792 24 1.771 24h20.451C23.2 24 24 23.227 24 22.271V1.729C24 .774 23.2 0 22.222 0h.003z\"\/><\/svg>\n                <span class=\"sr-only\">LinkedIn<\/span>\n            <\/a>\n        <\/li>\n        <li class=\"crunchify-social__item\">\n            <a class=\"btn crunchify-social__link crunchify-social__link_pinterest\" href=\"https:\/\/pinterest.com\/pin\/create\/button\/?url=https%3A%2F%2Fportal.ifpe.edu.br%2Frecife%2Fnoticias%2Fifpe-recife-recebe-o-15o-seminario-internacional-de-qualidade-do-ar-interior-e-a-x-expoqualindoor%2F&amp;media=https:\/\/portal.ifpe.edu.br\/recife\/wp-content\/uploads\/sites\/2\/2026\/04\/Design-sem-nome-9.png&amp;description=IFPE%20Recife%20recebe%20o%2015\u00ba%20Semin\u00e1rio%20Internacional%20de%20Qualidade%20do%20Ar%20Interior%20e%20a%20X%20ExpoQualindoor\" data-pin-custom=\"true\" target=\"_blank\" data-toggle=\"tooltip\" data-placement=\"bottom\" title=\"Compartilhe no Pinterest\">\n                <svg aria-hidden=\"true\" role=\"img\" width=\"16\" height=\"16\" viewBox=\"0 0 24 24\" xmlns=\"http:\/\/www.w3.org\/2000\/svg\"><path d=\"M12.017 0C5.396 0 .029 5.367.029 11.987c0 5.079 3.158 9.417 7.618 11.162-.105-.949-.199-2.403.041-3.439.219-.937 1.406-5.957 1.406-5.957s-.359-.72-.359-1.781c0-1.663.967-2.911 2.168-2.911 1.024 0 1.518.769 1.518 1.688 0 1.029-.653 2.567-.992 3.992-.285 1.193.6 2.165 1.775 2.165 2.128 0 3.768-2.245 3.768-5.487 0-2.861-2.063-4.869-5.008-4.869-3.41 0-5.409 2.562-5.409 5.199 0 1.033.394 2.143.889 2.741.099.12.112.225.085.345-.09.375-.293 1.199-.334 1.363-.053.225-.172.271-.401.165-1.495-.69-2.433-2.878-2.433-4.646 0-3.776 2.748-7.252 7.92-7.252 4.158 0 7.392 2.967 7.392 6.923 0 4.135-2.607 7.462-6.233 7.462-1.214 0-2.354-.629-2.758-1.379l-.749 2.848c-.269 1.045-1.004 2.352-1.498 3.146 1.123.345 2.306.535 3.55.535 6.607 0 11.985-5.365 11.985-11.987C23.97 5.39 18.592.026 11.985.026L12.017 0z\"\/><\/svg>\n                <span class=\"sr-only\">Pinterest<\/span>\n            <\/a>\n        <\/li>\n        <li class=\"crunchify-social__item\">\n            <a class=\"btn crunchify-social__link crunchify-social__link_whatsapp\" href=\"whatsapp:\/\/send?text=IFPE%20Recife%20recebe%20o%2015\u00ba%20Semin\u00e1rio%20Internacional%20de%20Qualidade%20do%20Ar%20Interior%20e%20a%20X%20ExpoQualindoor https%3A%2F%2Fportal.ifpe.edu.br%2Frecife%2Fnoticias%2Fifpe-recife-recebe-o-15o-seminario-internacional-de-qualidade-do-ar-interior-e-a-x-expoqualindoor%2F\" target=\"_blank\" data-toggle=\"tooltip\" data-placement=\"bottom\" title=\"Compartilhe no WhatsApp\">\n                <svg aria-hidden=\"true\" role=\"img\" width=\"16\" height=\"16\" viewBox=\"0 0 24 24\" xmlns=\"http:\/\/www.w3.org\/2000\/svg\"><path d=\"M17.498 14.382c-.301-.15-1.767-.867-2.04-.966-.273-.101-.473-.15-.673.15-.197.295-.771.964-.944 1.162-.175.195-.349.21-.646.075-.3-.15-1.263-.465-2.403-1.485-.888-.795-1.484-1.77-1.66-2.07-.174-.3-.019-.465.13-.615.136-.135.301-.345.451-.523.146-.181.194-.301.297-.496.1-.21.049-.375-.025-.524-.075-.15-.672-1.62-.922-2.206-.24-.584-.487-.51-.672-.51-.172-.015-.371-.015-.571-.015-.2 0-.523.074-.797.359-.273.3-1.045 1.02-1.045 2.475s1.07 2.865 1.219 3.075c.149.195 2.105 3.195 5.1 4.485.714.3 1.27.48 1.704.629.714.227 1.365.195 1.88.121.574-.091 1.767-.721 2.016-1.426.255-.705.255-1.29.18-1.425-.074-.135-.27-.21-.57-.345m-5.446 7.443h-.016c-1.77 0-3.524-.48-5.055-1.38l-.36-.214-3.75.975 1.005-3.645-.239-.375c-.99-1.576-1.516-3.391-1.516-5.26 0-5.445 4.455-9.885 9.942-9.885 2.654 0 5.145 1.035 7.021 2.91 1.875 1.859 2.909 4.35 2.909 6.99-.004 5.444-4.46 9.885-9.935 9.885M20.52 3.449C18.24 1.245 15.24 0 12.045 0 5.463 0 .104 5.334.101 11.893c0 2.096.549 4.14 1.595 5.945L0 24l6.335-1.652c1.746.943 3.71 1.444 5.71 1.447h.006c6.585 0 11.946-5.336 11.949-11.896 0-3.176-1.24-6.165-3.495-8.411\"\/><\/svg>\n                <span class=\"sr-only\">WhatsApp<\/span>\n            <\/a>\n        <\/li>\n    <\/ul>\n","protected":false},"excerpt":{"rendered":"<p>Eventos v\u00e3o reunir especialistas nacionais e internacionais a fim de discutir solu\u00e7\u00f5es para a qualidade do ar em ambientes de ensino e locais de grande circula\u00e7\u00e3o<\/p>\n","protected":false},"author":20,"featured_media":14940,"comment_status":"closed","ping_status":"closed","sticky":false,"template":"","format":"standard","meta":[],"categories":[1],"tags":[415,1405,1398],"_links":{"self":[{"href":"https:\/\/portal.ifpe.edu.br\/recife\/wp-json\/wp\/v2\/posts\/14937"}],"collection":[{"href":"https:\/\/portal.ifpe.edu.br\/recife\/wp-json\/wp\/v2\/posts"}],"about":[{"href":"https:\/\/portal.ifpe.edu.br\/recife\/wp-json\/wp\/v2\/types\/post"}],"author":[{"embeddable":true,"href":"https:\/\/portal.ifpe.edu.br\/recife\/wp-json\/wp\/v2\/users\/20"}],"replies":[{"embeddable":true,"href":"https:\/\/portal.ifpe.edu.br\/recife\/wp-json\/wp\/v2\/comments?post=14937"}],"version-history":[{"count":9,"href":"https:\/\/portal.ifpe.edu.br\/recife\/wp-json\/wp\/v2\/posts\/14937\/revisions"}],"predecessor-version":[{"id":14947,"href":"https:\/\/portal.ifpe.edu.br\/recife\/wp-json\/wp\/v2\/posts\/14937\/revisions\/14947"}],"wp:featuredmedia":[{"embeddable":true,"href":"https:\/\/portal.ifpe.edu.br\/recife\/wp-json\/wp\/v2\/media\/14940"}],"wp:attachment":[{"href":"https:\/\/portal.ifpe.edu.br\/recife\/wp-json\/wp\/v2\/media?parent=14937"}],"wp:term":[{"taxonomy":"category","embeddable":true,"href":"https:\/\/portal.ifpe.edu.br\/recife\/wp-json\/wp\/v2\/categories?post=14937"},{"taxonomy":"post_tag","embeddable":true,"href":"https:\/\/portal.ifpe.edu.br\/recife\/wp-json\/wp\/v2\/tags?post=14937"}],"curies":[{"name":"wp","href":"https:\/\/api.w.org\/{rel}","templated":true}]}}